{"id":8947,"date":"2022-03-29T10:49:11","date_gmt":"2022-03-29T07:49:11","guid":{"rendered":"http:\/\/www.france.fi\/?p=8947"},"modified":"2022-06-15T15:42:56","modified_gmt":"2022-06-15T12:42:56","slug":"cinema-de-la-francophonie-la-foret-de-mon-pere","status":"publish","type":"post","link":"https:\/\/www.france.fi\/fr\/culture\/cinema-de-la-francophonie-la-foret-de-mon-pere\/","title":{"rendered":"Cin\u00e9ma de la Francophonie\u00a0: la For\u00eat de mon p\u00e8re"},"content":{"rendered":"\n<p>Vero Craztbon \/ 2020 \/ 1h31 \/ vofr<\/p>\n<p>Gina, 15 ans, grandit dans une famille aimante en lisi\u00e8re de for\u00eat. Elle admire son p\u00e8re Jimmy, impr\u00e9visible et fantasque dont elle est pr\u00eate \u00e0 pardonner tous les exc\u00e8s. Jusqu\u2019au jour o\u00f9 la situation devient intenable : Jimmy bascule et le fragile \u00e9quilibre familial est rompu. Dans l\u2019incompr\u00e9hension et la r\u00e9volte, Gina s\u2019allie avec un adolescent de son quartier pour sauver son p\u00e8re.<\/p>\n<p>Version originale fran\u00e7aise avec sous-titrage anglais<\/p>\n<p>Entr\u00e9e libre sur r\u00e9servation<\/p>\n<table style=\"border-collapse: collapse; width: 100%;\">\n<tbody>\n<tr>\n<td style=\"width: 50%; border-style: hidden;\"><a href=\"http:\/\/www.france.fi\/wp-content\/uploads\/2022\/03\/WBI.png\"><img loading=\"lazy\" decoding=\"async\" class=\"aligncenter size-full wp-image-8954\" src=\"http:\/\/www.france.fi\/wp-content\/uploads\/2022\/03\/WBI.png\" alt=\"\" width=\"300\" height=\"150\" \/><\/a><\/td>\n<td style=\"width: 50%; border-style: hidden;\"><a href=\"http:\/\/www.france.fi\/wp-content\/uploads\/2022\/03\/LOGO_POSTEN_CANVA.jpg\"><img loading=\"lazy\" decoding=\"async\" class=\"aligncenter size-full wp-image-8951\" src=\"http:\/\/www.france.fi\/wp-content\/uploads\/2022\/03\/LOGO_POSTEN_CANVA.jpg\" alt=\"\" width=\"150\" height=\"150\" \/><\/a><\/td>\n<\/tr>\n<\/tbody>\n<\/table>\n<p>\u00a0<\/p>\n","protected":false},"excerpt":{"rendered":"<p>Dans le cadre des f\u00eates de la Francophonie l\u2019Ambassade du Royaume de Belgique \u00e0 Helsinki et Wallonie \u2013 Bruxelles International ont le plaisir de vous inviter le 23 avril \u00e0 14h15 \u00e0 voir le film belge \u201cLa for\u00eat de mon p\u00e8re\u201d \u00e0 l\u2019Institut fran\u00e7ais, Yrj\u00f6nkatu 36, 00100 Helsinki.<\/p>\n","protected":false},"author":2,"featured_media":8948,"comment_status":"closed","ping_status":"open","sticky":false,"template":"","format":"standard","meta":{"footnotes":""},"categories":[1],"tags":[],"class_list":["post-8947","post","type-post","status-publish","format-standard","has-post-thumbnail","hentry","category-culture"],"yoast_head":"<!-- This site is optimized with the Yoast SEO plugin v27.4 - https:\/\/yoast.com\/product\/yoast-seo-wordpress\/ -->\n<title>Cin\u00e9ma de la Francophonie\u00a0: la For\u00eat de mon p\u00e8re - Institut fran\u00e7ais<\/title>\n<meta name=\"robots\" content=\"index, follow, max-snippet:-1, max-image-preview:large, max-video-preview:-1\" \/>\n<link rel=\"canonical\" href=\"https:\/\/www.france.fi\/fr\/culture\/cinema-de-la-francophonie-la-foret-de-mon-pere\/\" \/>\n<meta property=\"og:locale\" content=\"fr_FR\" \/>\n<meta property=\"og:type\" content=\"article\" \/>\n<meta property=\"og:title\" content=\"Cin\u00e9ma de la Francophonie\u00a0: la For\u00eat de mon p\u00e8re - Institut fran\u00e7ais\" \/>\n<meta property=\"og:description\" content=\"Dans le cadre des f\u00eates de la Francophonie l\u2019Ambassade du Royaume de Belgique \u00e0 Helsinki et Wallonie \u2013 Bruxelles International ont le plaisir de vous inviter le 23 avril \u00e0 14h15 \u00e0 voir le film belge \u201cLa for\u00eat de mon p\u00e8re\u201d \u00e0 l\u2019Institut fran\u00e7ais, Yrj\u00f6nkatu 36, 00100 Helsinki.\" \/>\n<meta property=\"og:url\" content=\"https:\/\/www.france.fi\/fr\/culture\/cinema-de-la-francophonie-la-foret-de-mon-pere\/\" \/>\n<meta property=\"og:site_name\" content=\"Institut fran\u00e7ais\" \/>\n<meta property=\"article:publisher\" content=\"https:\/\/www.facebook.com\/institutfrancaisfi\" \/>\n<meta property=\"article:published_time\" content=\"2022-03-29T07:49:11+00:00\" \/>\n<meta property=\"article:modified_time\" content=\"2022-06-15T12:42:56+00:00\" \/>\n<meta property=\"og:image\" content=\"https:\/\/www.france.fi\/wp-content\/uploads\/2022\/03\/La-foret-de-mon-pere-1098x617.jpg\" \/>\n\t<meta property=\"og:image:width\" content=\"1280\" \/>\n\t<meta property=\"og:image:height\" content=\"720\" \/>\n\t<meta property=\"og:image:type\" content=\"image\/jpeg\" \/>\n<meta name=\"author\" content=\"Equipe IFF\" \/>\n<meta name=\"twitter:card\" content=\"summary_large_image\" \/>\n<meta name=\"twitter:creator\" content=\"@IFFinlande\" \/>\n<meta name=\"twitter:site\" content=\"@IFFinlande\" \/>\n<meta name=\"twitter:label1\" content=\"\u00c9crit par\" \/>\n\t<meta name=\"twitter:data1\" content=\"Equipe IFF\" \/>\n\t<meta name=\"twitter:label2\" content=\"Dur\u00e9e de lecture estim\u00e9e\" \/>\n\t<meta name=\"twitter:data2\" content=\"1 minute\" \/>\n<script type=\"application\/ld+json\" class=\"yoast-schema-graph\">{\"@context\":\"https:\\\/\\\/schema.org\",\"@graph\":[{\"@type\":\"Article\",\"@id\":\"https:\\\/\\\/www.france.fi\\\/fr\\\/culture\\\/cinema-de-la-francophonie-la-foret-de-mon-pere\\\/#article\",\"isPartOf\":{\"@id\":\"https:\\\/\\\/www.france.fi\\\/fr\\\/culture\\\/cinema-de-la-francophonie-la-foret-de-mon-pere\\\/\"},\"author\":{\"name\":\"Equipe IFF\",\"@id\":\"https:\\\/\\\/www.france.fi\\\/#\\\/schema\\\/person\\\/ed873f29db1d0af6a3600d15d3b65bfd\"},\"headline\":\"Cin\u00e9ma de la Francophonie\u00a0: la For\u00eat de mon p\u00e8re\",\"datePublished\":\"2022-03-29T07:49:11+00:00\",\"dateModified\":\"2022-06-15T12:42:56+00:00\",\"mainEntityOfPage\":{\"@id\":\"https:\\\/\\\/www.france.fi\\\/fr\\\/culture\\\/cinema-de-la-francophonie-la-foret-de-mon-pere\\\/\"},\"wordCount\":101,\"publisher\":{\"@id\":\"https:\\\/\\\/www.france.fi\\\/#organization\"},\"image\":{\"@id\":\"https:\\\/\\\/www.france.fi\\\/fr\\\/culture\\\/cinema-de-la-francophonie-la-foret-de-mon-pere\\\/#primaryimage\"},\"thumbnailUrl\":\"https:\\\/\\\/www.france.fi\\\/wp-content\\\/uploads\\\/2022\\\/03\\\/La-foret-de-mon-pere-1098x617.jpg\",\"articleSection\":[\"Culture\"],\"inLanguage\":\"fr-FR\"},{\"@type\":\"WebPage\",\"@id\":\"https:\\\/\\\/www.france.fi\\\/fr\\\/culture\\\/cinema-de-la-francophonie-la-foret-de-mon-pere\\\/\",\"url\":\"https:\\\/\\\/www.france.fi\\\/fr\\\/culture\\\/cinema-de-la-francophonie-la-foret-de-mon-pere\\\/\",\"name\":\"Cin\u00e9ma de la Francophonie\u00a0: la For\u00eat de mon p\u00e8re - Institut fran\u00e7ais\",\"isPartOf\":{\"@id\":\"https:\\\/\\\/www.france.fi\\\/#website\"},\"primaryImageOfPage\":{\"@id\":\"https:\\\/\\\/www.france.fi\\\/fr\\\/culture\\\/cinema-de-la-francophonie-la-foret-de-mon-pere\\\/#primaryimage\"},\"image\":{\"@id\":\"https:\\\/\\\/www.france.fi\\\/fr\\\/culture\\\/cinema-de-la-francophonie-la-foret-de-mon-pere\\\/#primaryimage\"},\"thumbnailUrl\":\"https:\\\/\\\/www.france.fi\\\/wp-content\\\/uploads\\\/2022\\\/03\\\/La-foret-de-mon-pere-1098x617.jpg\",\"datePublished\":\"2022-03-29T07:49:11+00:00\",\"dateModified\":\"2022-06-15T12:42:56+00:00\",\"breadcrumb\":{\"@id\":\"https:\\\/\\\/www.france.fi\\\/fr\\\/culture\\\/cinema-de-la-francophonie-la-foret-de-mon-pere\\\/#breadcrumb\"},\"inLanguage\":\"fr-FR\",\"potentialAction\":[{\"@type\":\"ReadAction\",\"target\":[\"https:\\\/\\\/www.france.fi\\\/fr\\\/culture\\\/cinema-de-la-francophonie-la-foret-de-mon-pere\\\/\"]}]},{\"@type\":\"ImageObject\",\"inLanguage\":\"fr-FR\",\"@id\":\"https:\\\/\\\/www.france.fi\\\/fr\\\/culture\\\/cinema-de-la-francophonie-la-foret-de-mon-pere\\\/#primaryimage\",\"url\":\"https:\\\/\\\/www.france.fi\\\/wp-content\\\/uploads\\\/2022\\\/03\\\/La-foret-de-mon-pere-1098x617.jpg\",\"contentUrl\":\"https:\\\/\\\/www.france.fi\\\/wp-content\\\/uploads\\\/2022\\\/03\\\/La-foret-de-mon-pere-1098x617.jpg\",\"width\":1280,\"height\":720},{\"@type\":\"BreadcrumbList\",\"@id\":\"https:\\\/\\\/www.france.fi\\\/fr\\\/culture\\\/cinema-de-la-francophonie-la-foret-de-mon-pere\\\/#breadcrumb\",\"itemListElement\":[{\"@type\":\"ListItem\",\"position\":1,\"name\":\"Home\",\"item\":\"https:\\\/\\\/www.france.fi\\\/fr\\\/\"},{\"@type\":\"ListItem\",\"position\":2,\"name\":\"Culture\",\"item\":\"https:\\\/\\\/www.france.fi\\\/fr\\\/category\\\/culture\\\/\"},{\"@type\":\"ListItem\",\"position\":3,\"name\":\"Cin\u00e9ma de la Francophonie\u00a0: la For\u00eat de mon p\u00e8re\"}]},{\"@type\":\"WebSite\",\"@id\":\"https:\\\/\\\/www.france.fi\\\/#website\",\"url\":\"https:\\\/\\\/www.france.fi\\\/\",\"name\":\"Institut fran\u00e7ais de Finlande\",\"description\":\"\",\"publisher\":{\"@id\":\"https:\\\/\\\/www.france.fi\\\/#organization\"},\"potentialAction\":[{\"@type\":\"SearchAction\",\"target\":{\"@type\":\"EntryPoint\",\"urlTemplate\":\"https:\\\/\\\/www.france.fi\\\/?s={search_term_string}\"},\"query-input\":{\"@type\":\"PropertyValueSpecification\",\"valueRequired\":true,\"valueName\":\"search_term_string\"}}],\"inLanguage\":\"fr-FR\"},{\"@type\":\"Organization\",\"@id\":\"https:\\\/\\\/www.france.fi\\\/#organization\",\"name\":\"Institut fran\u00e7ais de Finlande\",\"url\":\"https:\\\/\\\/www.france.fi\\\/\",\"logo\":{\"@type\":\"ImageObject\",\"inLanguage\":\"fr-FR\",\"@id\":\"https:\\\/\\\/www.france.fi\\\/#\\\/schema\\\/logo\\\/image\\\/\",\"url\":\"https:\\\/\\\/www.france.fi\\\/wp-content\\\/uploads\\\/2024\\\/02\\\/if-logo-1.png\",\"contentUrl\":\"https:\\\/\\\/www.france.fi\\\/wp-content\\\/uploads\\\/2024\\\/02\\\/if-logo-1.png\",\"width\":687,\"height\":459,\"caption\":\"Institut fran\u00e7ais de Finlande\"},\"image\":{\"@id\":\"https:\\\/\\\/www.france.fi\\\/#\\\/schema\\\/logo\\\/image\\\/\"},\"sameAs\":[\"https:\\\/\\\/www.facebook.com\\\/institutfrancaisfi\",\"https:\\\/\\\/x.com\\\/IFFinlande\",\"https:\\\/\\\/www.instagram.com\\\/iffinlande\\\/\",\"https:\\\/\\\/fr.linkedin.com\\\/organization-guest\\\/company\\\/institut-fran-ais-de-finlande\",\"https:\\\/\\\/www.youtube.com\\\/channel\\\/UCHAitdpmSbeP78eL49XMotA\"]},{\"@type\":\"Person\",\"@id\":\"https:\\\/\\\/www.france.fi\\\/#\\\/schema\\\/person\\\/ed873f29db1d0af6a3600d15d3b65bfd\",\"name\":\"Equipe IFF\",\"image\":{\"@type\":\"ImageObject\",\"inLanguage\":\"fr-FR\",\"@id\":\"https:\\\/\\\/secure.gravatar.com\\\/avatar\\\/3c4ba80228d01014b25e45e90abb28ce315a02c6572751a7fb2298e4274989fc?s=96&d=mm&r=g\",\"url\":\"https:\\\/\\\/secure.gravatar.com\\\/avatar\\\/3c4ba80228d01014b25e45e90abb28ce315a02c6572751a7fb2298e4274989fc?s=96&d=mm&r=g\",\"contentUrl\":\"https:\\\/\\\/secure.gravatar.com\\\/avatar\\\/3c4ba80228d01014b25e45e90abb28ce315a02c6572751a7fb2298e4274989fc?s=96&d=mm&r=g\",\"caption\":\"Equipe IFF\"},\"url\":\"https:\\\/\\\/www.france.fi\\\/fr\\\/author\\\/iffadmin\\\/\"}]}<\/script>\n<!-- \/ Yoast SEO plugin. -->","yoast_head_json":{"title":"Cin\u00e9ma de la Francophonie\u00a0: la For\u00eat de mon p\u00e8re - Institut fran\u00e7ais","robots":{"index":"index","follow":"follow","max-snippet":"max-snippet:-1","max-image-preview":"max-image-preview:large","max-video-preview":"max-video-preview:-1"},"canonical":"https:\/\/www.france.fi\/fr\/culture\/cinema-de-la-francophonie-la-foret-de-mon-pere\/","og_locale":"fr_FR","og_type":"article","og_title":"Cin\u00e9ma de la Francophonie\u00a0: la For\u00eat de mon p\u00e8re - Institut fran\u00e7ais","og_description":"Dans le cadre des f\u00eates de la Francophonie l\u2019Ambassade du Royaume de Belgique \u00e0 Helsinki et Wallonie \u2013 Bruxelles International ont le plaisir de vous inviter le 23 avril \u00e0 14h15 \u00e0 voir le film belge \u201cLa for\u00eat de mon p\u00e8re\u201d \u00e0 l\u2019Institut fran\u00e7ais, Yrj\u00f6nkatu 36, 00100 Helsinki.","og_url":"https:\/\/www.france.fi\/fr\/culture\/cinema-de-la-francophonie-la-foret-de-mon-pere\/","og_site_name":"Institut fran\u00e7ais","article_publisher":"https:\/\/www.facebook.com\/institutfrancaisfi","article_published_time":"2022-03-29T07:49:11+00:00","article_modified_time":"2022-06-15T12:42:56+00:00","og_image":[{"width":1280,"height":720,"url":"https:\/\/www.france.fi\/wp-content\/uploads\/2022\/03\/La-foret-de-mon-pere-1098x617.jpg","type":"image\/jpeg"}],"author":"Equipe IFF","twitter_card":"summary_large_image","twitter_creator":"@IFFinlande","twitter_site":"@IFFinlande","twitter_misc":{"\u00c9crit par":"Equipe IFF","Dur\u00e9e de lecture estim\u00e9e":"1 minute"},"schema":{"@context":"https:\/\/schema.org","@graph":[{"@type":"Article","@id":"https:\/\/www.france.fi\/fr\/culture\/cinema-de-la-francophonie-la-foret-de-mon-pere\/#article","isPartOf":{"@id":"https:\/\/www.france.fi\/fr\/culture\/cinema-de-la-francophonie-la-foret-de-mon-pere\/"},"author":{"name":"Equipe IFF","@id":"https:\/\/www.france.fi\/#\/schema\/person\/ed873f29db1d0af6a3600d15d3b65bfd"},"headline":"Cin\u00e9ma de la Francophonie\u00a0: la For\u00eat de mon p\u00e8re","datePublished":"2022-03-29T07:49:11+00:00","dateModified":"2022-06-15T12:42:56+00:00","mainEntityOfPage":{"@id":"https:\/\/www.france.fi\/fr\/culture\/cinema-de-la-francophonie-la-foret-de-mon-pere\/"},"wordCount":101,"publisher":{"@id":"https:\/\/www.france.fi\/#organization"},"image":{"@id":"https:\/\/www.france.fi\/fr\/culture\/cinema-de-la-francophonie-la-foret-de-mon-pere\/#primaryimage"},"thumbnailUrl":"https:\/\/www.france.fi\/wp-content\/uploads\/2022\/03\/La-foret-de-mon-pere-1098x617.jpg","articleSection":["Culture"],"inLanguage":"fr-FR"},{"@type":"WebPage","@id":"https:\/\/www.france.fi\/fr\/culture\/cinema-de-la-francophonie-la-foret-de-mon-pere\/","url":"https:\/\/www.france.fi\/fr\/culture\/cinema-de-la-francophonie-la-foret-de-mon-pere\/","name":"Cin\u00e9ma de la Francophonie\u00a0: la For\u00eat de mon p\u00e8re - Institut fran\u00e7ais","isPartOf":{"@id":"https:\/\/www.france.fi\/#website"},"primaryImageOfPage":{"@id":"https:\/\/www.france.fi\/fr\/culture\/cinema-de-la-francophonie-la-foret-de-mon-pere\/#primaryimage"},"image":{"@id":"https:\/\/www.france.fi\/fr\/culture\/cinema-de-la-francophonie-la-foret-de-mon-pere\/#primaryimage"},"thumbnailUrl":"https:\/\/www.france.fi\/wp-content\/uploads\/2022\/03\/La-foret-de-mon-pere-1098x617.jpg","datePublished":"2022-03-29T07:49:11+00:00","dateModified":"2022-06-15T12:42:56+00:00","breadcrumb":{"@id":"https:\/\/www.france.fi\/fr\/culture\/cinema-de-la-francophonie-la-foret-de-mon-pere\/#breadcrumb"},"inLanguage":"fr-FR","potentialAction":[{"@type":"ReadAction","target":["https:\/\/www.france.fi\/fr\/culture\/cinema-de-la-francophonie-la-foret-de-mon-pere\/"]}]},{"@type":"ImageObject","inLanguage":"fr-FR","@id":"https:\/\/www.france.fi\/fr\/culture\/cinema-de-la-francophonie-la-foret-de-mon-pere\/#primaryimage","url":"https:\/\/www.france.fi\/wp-content\/uploads\/2022\/03\/La-foret-de-mon-pere-1098x617.jpg","contentUrl":"https:\/\/www.france.fi\/wp-content\/uploads\/2022\/03\/La-foret-de-mon-pere-1098x617.jpg","width":1280,"height":720},{"@type":"BreadcrumbList","@id":"https:\/\/www.france.fi\/fr\/culture\/cinema-de-la-francophonie-la-foret-de-mon-pere\/#breadcrumb","itemListElement":[{"@type":"ListItem","position":1,"name":"Home","item":"https:\/\/www.france.fi\/fr\/"},{"@type":"ListItem","position":2,"name":"Culture","item":"https:\/\/www.france.fi\/fr\/category\/culture\/"},{"@type":"ListItem","position":3,"name":"Cin\u00e9ma de la Francophonie\u00a0: la For\u00eat de mon p\u00e8re"}]},{"@type":"WebSite","@id":"https:\/\/www.france.fi\/#website","url":"https:\/\/www.france.fi\/","name":"Institut fran\u00e7ais de Finlande","description":"","publisher":{"@id":"https:\/\/www.france.fi\/#organization"},"potentialAction":[{"@type":"SearchAction","target":{"@type":"EntryPoint","urlTemplate":"https:\/\/www.france.fi\/?s={search_term_string}"},"query-input":{"@type":"PropertyValueSpecification","valueRequired":true,"valueName":"search_term_string"}}],"inLanguage":"fr-FR"},{"@type":"Organization","@id":"https:\/\/www.france.fi\/#organization","name":"Institut fran\u00e7ais de Finlande","url":"https:\/\/www.france.fi\/","logo":{"@type":"ImageObject","inLanguage":"fr-FR","@id":"https:\/\/www.france.fi\/#\/schema\/logo\/image\/","url":"https:\/\/www.france.fi\/wp-content\/uploads\/2024\/02\/if-logo-1.png","contentUrl":"https:\/\/www.france.fi\/wp-content\/uploads\/2024\/02\/if-logo-1.png","width":687,"height":459,"caption":"Institut fran\u00e7ais de Finlande"},"image":{"@id":"https:\/\/www.france.fi\/#\/schema\/logo\/image\/"},"sameAs":["https:\/\/www.facebook.com\/institutfrancaisfi","https:\/\/x.com\/IFFinlande","https:\/\/www.instagram.com\/iffinlande\/","https:\/\/fr.linkedin.com\/organization-guest\/company\/institut-fran-ais-de-finlande","https:\/\/www.youtube.com\/channel\/UCHAitdpmSbeP78eL49XMotA"]},{"@type":"Person","@id":"https:\/\/www.france.fi\/#\/schema\/person\/ed873f29db1d0af6a3600d15d3b65bfd","name":"Equipe IFF","image":{"@type":"ImageObject","inLanguage":"fr-FR","@id":"https:\/\/secure.gravatar.com\/avatar\/3c4ba80228d01014b25e45e90abb28ce315a02c6572751a7fb2298e4274989fc?s=96&d=mm&r=g","url":"https:\/\/secure.gravatar.com\/avatar\/3c4ba80228d01014b25e45e90abb28ce315a02c6572751a7fb2298e4274989fc?s=96&d=mm&r=g","contentUrl":"https:\/\/secure.gravatar.com\/avatar\/3c4ba80228d01014b25e45e90abb28ce315a02c6572751a7fb2298e4274989fc?s=96&d=mm&r=g","caption":"Equipe IFF"},"url":"https:\/\/www.france.fi\/fr\/author\/iffadmin\/"}]}},"_links":{"self":[{"href":"https:\/\/www.france.fi\/fr\/wp-json\/wp\/v2\/posts\/8947","targetHints":{"allow":["GET"]}}],"collection":[{"href":"https:\/\/www.france.fi\/fr\/wp-json\/wp\/v2\/posts"}],"about":[{"href":"https:\/\/www.france.fi\/fr\/wp-json\/wp\/v2\/types\/post"}],"author":[{"embeddable":true,"href":"https:\/\/www.france.fi\/fr\/wp-json\/wp\/v2\/users\/2"}],"replies":[{"embeddable":true,"href":"https:\/\/www.france.fi\/fr\/wp-json\/wp\/v2\/comments?post=8947"}],"version-history":[{"count":0,"href":"https:\/\/www.france.fi\/fr\/wp-json\/wp\/v2\/posts\/8947\/revisions"}],"wp:featuredmedia":[{"embeddable":true,"href":"https:\/\/www.france.fi\/fr\/wp-json\/wp\/v2\/media\/8948"}],"wp:attachment":[{"href":"https:\/\/www.france.fi\/fr\/wp-json\/wp\/v2\/media?parent=8947"}],"wp:term":[{"taxonomy":"category","embeddable":true,"href":"https:\/\/www.france.fi\/fr\/wp-json\/wp\/v2\/categories?post=8947"},{"taxonomy":"post_tag","embeddable":true,"href":"https:\/\/www.france.fi\/fr\/wp-json\/wp\/v2\/tags?post=8947"}],"curies":[{"name":"wp","href":"https:\/\/api.w.org\/{rel}","templated":true}]}}