{"id":9045,"date":"2022-04-06T14:33:32","date_gmt":"2022-04-06T11:33:32","guid":{"rendered":"http:\/\/www.france.fi\/?p=9045"},"modified":"2022-09-29T16:37:01","modified_gmt":"2022-09-29T13:37:01","slug":"enseignants-de-francais-profitez-de-lete-pour-voyager-en-france-et-continuer-a-vous-former","status":"publish","type":"post","link":"https:\/\/www.france.fi\/fr\/langue-francaise\/enseignants-de-francais-profitez-de-lete-pour-voyager-en-france-et-continuer-a-vous-former\/","title":{"rendered":"Enseignants de fran\u00e7ais\u00a0: profitez de l\u2019\u00e9t\u00e9 pour voyager en France et continuer \u00e0 vous former\u00a0!"},"content":{"rendered":"\n<p>Vous \u00eates enseignant de fran\u00e7ais\u00a0? Vous cherchez des opportunit\u00e9s pour continuer \u00e0 vous former en France ?<\/p>\n<p>De nombreux centres de formation tels que le Cavilam (\u00e0 Vichy) , le Belc (\u00e0 Paris), le CLA (\u00e0 Besan\u00e7on) ou encore certaines Alliances fran\u00e7aises en France proposent des formations de formateurs pendant l\u2019\u00e9t\u00e9. Ces formations sont \u00e9ligibles \u00e0 une bourse Erasmus. C\u2019est l\u2019occasion de rencontrer de nombreux enseignants fran\u00e7ais exer\u00e7ant partout dans le monde, de r\u00e9actualiser vos connaissances et de d\u00e9couvrir quelques sites touristiques fran\u00e7ais.<\/p>\n<table style=\"width: 100%;\" width=\"1304\">\n<tbody>\n<tr>\n<td style=\"width: 13.4426%;\" width=\"182\"><img loading=\"lazy\" decoding=\"async\" class=\"aligncenter size-medium wp-image-9047\" src=\"http:\/\/www.france.fi\/wp-content\/uploads\/2022\/04\/image001-300x175.jpg\" alt=\"\" width=\"300\" height=\"175\" srcset=\"https:\/\/www.france.fi\/wp-content\/uploads\/2022\/04\/image001-300x175.jpg 300w, https:\/\/www.france.fi\/wp-content\/uploads\/2022\/04\/image001.jpg 429w\" sizes=\"auto, (max-width: 300px) 100vw, 300px\" \/><\/td>\n<td style=\"width: 23.9345%; text-align: left;\" width=\"289\">\n<p><a href=\"https:\/\/www.alliance-francaise-montpellier.com\/stages-pedagogiques-et-linguistiques-pour-professeurs-de-francais\">Participez au stage de perfectionnement p\u00e9dagogique et culturel. Le matin, d\u00e9couvrez, apprenez et \u00e9changez et l\u2019apr\u00e8s-midi, mettez en pratique.<\/a><\/p>\n<\/td>\n<td style=\"width: 17.7049%; text-align: left;\" width=\"125\">\n<p>Du 1 au 12 aout 2022<\/p>\n<\/td>\n<td style=\"width: 42.9508%; text-align: left;\" width=\"708\">\n<p>348\u20ac\/1semaine<\/p>\n<p>695\u20ac\/2semaines + 85\u20ac<\/p>\n<\/td>\n<\/tr>\n<tr>\n<td style=\"width: 13.4426%;\" width=\"182\"><img loading=\"lazy\" decoding=\"async\" class=\"aligncenter size-full wp-image-9050\" src=\"http:\/\/www.france.fi\/wp-content\/uploads\/2022\/04\/image003.jpg\" alt=\"\" width=\"267\" height=\"70\" \/><\/td>\n<td style=\"width: 23.9345%; text-align: left;\" width=\"289\">\n<p><a href=\"https:\/\/www.afnormandie.org\/formations-pro-fle\/cycles-enseignement-formation-de-formateurs\/7749-pratiques-de-classe-innovantes-et-didactique-du-fle.html\">Actualisez vos connaissances linguistiques, culturelles, et d\u00e9couvrez des pratiques p\u00e9dagogiques innovantes dans un contexte international.<\/a><\/p>\n<\/td>\n<td style=\"width: 17.7049%; text-align: left;\" width=\"125\">\n<p>Du 20 au 24 juin 2022<\/p>\n<\/td>\n<td style=\"width: 42.9508%; text-align: left;\" width=\"708\">\n<p>390 \u20ac la semaine + 80\u20ac frais<\/p>\n<\/td>\n<\/tr>\n<tr>\n<td style=\"width: 13.4426%;\" width=\"182\"><a href=\"http:\/\/www.france.fi\/wp-content\/uploads\/2022\/04\/image005.png\"><img loading=\"lazy\" decoding=\"async\" class=\"aligncenter size-full wp-image-9053\" src=\"http:\/\/www.france.fi\/wp-content\/uploads\/2022\/04\/image005.png\" alt=\"\" width=\"130\" height=\"90\" \/><\/a><\/td>\n<td style=\"width: 23.9345%; text-align: left;\" width=\"289\">\n<p><a href=\"https:\/\/www.cavilam.com\/project-categories\/stages-thematiques\/\">D\u00e9couvrez de nouvelles tendances et pratiques, formez-vous aux DNL ou encore \u00e0 l\u2019utilisation de TV5Monde gr\u00e2ce \u00e0 plusieurs formations propos\u00e9es cet \u00e9t\u00e9.<\/a><\/p>\n<\/td>\n<td style=\"width: 17.7049%; text-align: left;\" width=\"125\">\n<p>Stages en juillet et aout 2022<\/p>\n<\/td>\n<td style=\"width: 42.9508%; text-align: left;\" width=\"708\">\n<p>724\u20ac + 85\u20ac de frais d&rsquo;inscription<\/p>\n<\/td>\n<\/tr>\n<tr>\n<td style=\"width: 13.4426%;\" width=\"182\"><a href=\"http:\/\/www.france.fi\/wp-content\/uploads\/2022\/04\/image007.png\"><img loading=\"lazy\" decoding=\"async\" class=\"aligncenter size-full wp-image-9056\" src=\"http:\/\/www.france.fi\/wp-content\/uploads\/2022\/04\/image007.png\" alt=\"\" width=\"257\" height=\"123\" \/><\/a><\/td>\n<td style=\"width: 23.9345%; text-align: left;\" width=\"289\">\n<p><a href=\"https:\/\/www.ciel.fr\/fr\/categorie-produit\/cours\/stages-pedagogiques-pour-professeurs-de-fle\/\">Enseignez hors des sentiers battus par des pratiques th\u00e9atrales, des jeux et de l\u2019enseignement dynamique.<\/a><\/p>\n<\/td>\n<td style=\"width: 17.7049%; text-align: left;\" width=\"125\">\n<p>Du 18 juillet au 29 juillet aout 2022.<\/p>\n<\/td>\n<td style=\"width: 42.9508%; text-align: left;\" width=\"708\">\n<p>320 \u20ac\/semaine + 50 \u20ac de frais d\u2019inscription<\/p>\n<\/td>\n<\/tr>\n<tr>\n<td style=\"width: 13.4426%;\" width=\"182\"><a href=\"http:\/\/www.france.fi\/wp-content\/uploads\/2022\/04\/image009.png\"><img loading=\"lazy\" decoding=\"async\" class=\"aligncenter size-full wp-image-9059\" src=\"http:\/\/www.france.fi\/wp-content\/uploads\/2022\/04\/image009.png\" alt=\"\" width=\"449\" height=\"172\" srcset=\"https:\/\/www.france.fi\/wp-content\/uploads\/2022\/04\/image009.png 449w, https:\/\/www.france.fi\/wp-content\/uploads\/2022\/04\/image009-300x115.png 300w\" sizes=\"auto, (max-width: 449px) 100vw, 449px\" \/><\/a><\/td>\n<td style=\"width: 23.9345%; text-align: left;\" width=\"289\">\n<p><a href=\"https:\/\/cla.univ-fcomte.fr\/formule\/ens-formations-dete\/\">Enrichissez vos domaines de sp\u00e9cialit\u00e9, d\u00e9couvrez de nouvelles approches et exp\u00e9rimentez des pratiques concr\u00e8tes et innovantes pour la classe.<\/a><\/p>\n<\/td>\n<td style=\"width: 17.7049%; text-align: left;\" width=\"125\">\n<p>Du 4 juillet au 11 aout 2022<\/p>\n<\/td>\n<td style=\"width: 42.9508%; text-align: left;\" width=\"708\">\n<p>700 \u20ac\/quinzaine<\/p>\n<p>1200 \u20ac\/2 quinzaines<\/p>\n<\/td>\n<\/tr>\n<tr>\n<td style=\"width: 13.4426%;\" width=\"182\"><a href=\"http:\/\/www.france.fi\/wp-content\/uploads\/2022\/04\/image011.png\"><img loading=\"lazy\" decoding=\"async\" class=\"aligncenter size-full wp-image-9062\" src=\"http:\/\/www.france.fi\/wp-content\/uploads\/2022\/04\/image011.png\" alt=\"\" width=\"157\" height=\"176\" \/><\/a><\/td>\n<td style=\"width: 23.9345%; text-align: left;\" width=\"289\">\n<p><a href=\"https:\/\/www.fle-adrienpayet.com\/formations\/festifle\/\">Vivez une immersion compl\u00e8te dans un festival international tout en ayant une formation sur une pratique artistique en FLE.<\/a><\/p>\n<\/td>\n<td style=\"width: 17.7049%; text-align: left;\" width=\"125\">\n<p>19-22 mai 2022, 14-17 juillet 2022, 22-25 juillet 2022 et\/ou 17-20 aout 2022<\/p>\n<\/td>\n<td style=\"width: 42.9508%; text-align: left;\" width=\"708\">\n<p>Entre 350\u20ac et 440\u20ac \/ semaine<\/p>\n<\/td>\n<\/tr>\n<tr>\n<td style=\"width: 13.4426%;\" width=\"182\"><a href=\"http:\/\/www.france.fi\/wp-content\/uploads\/2022\/04\/image013.png\"><img loading=\"lazy\" decoding=\"async\" class=\"aligncenter size-full wp-image-9065\" src=\"http:\/\/www.france.fi\/wp-content\/uploads\/2022\/04\/image013.png\" alt=\"\" width=\"432\" height=\"432\" srcset=\"https:\/\/www.france.fi\/wp-content\/uploads\/2022\/04\/image013.png 432w, https:\/\/www.france.fi\/wp-content\/uploads\/2022\/04\/image013-300x300.png 300w, https:\/\/www.france.fi\/wp-content\/uploads\/2022\/04\/image013-150x150.png 150w\" sizes=\"auto, (max-width: 432px) 100vw, 432px\" \/><\/a><\/td>\n<td style=\"width: 23.9345%; text-align: left;\" width=\"289\">\n<p><a href=\"https:\/\/www.anlformation.com\/formations-initiales-fle-anl\/\">Comprenez les fondements et strat\u00e9gies de l\u2019ANL \u00e0 partir d\u2019une mise en situation r\u00e9elle d\u2019apprentissage dans une langue \u00e9trang\u00e8re et d\u2019\u00e9changes autour des pratiques de terrain.<\/a><\/p>\n<\/td>\n<td style=\"width: 17.7049%; text-align: left;\" width=\"125\">\n<p>25 au 29 juillet 2022<\/p>\n<p>\u00a0<\/p>\n<\/td>\n<td style=\"width: 42.9508%; text-align: left;\" width=\"708\">\n<p>550 \u20ac \/ semaine<\/p>\n<\/td>\n<\/tr>\n<tr>\n<td style=\"width: 13.4426%;\" width=\"182\"><a href=\"http:\/\/www.france.fi\/wp-content\/uploads\/2022\/04\/image015.jpg\"><img loading=\"lazy\" decoding=\"async\" class=\"aligncenter size-full wp-image-9068\" src=\"http:\/\/www.france.fi\/wp-content\/uploads\/2022\/04\/image015.jpg\" alt=\"\" width=\"492\" height=\"115\" srcset=\"https:\/\/www.france.fi\/wp-content\/uploads\/2022\/04\/image015.jpg 492w, https:\/\/www.france.fi\/wp-content\/uploads\/2022\/04\/image015-300x70.jpg 300w\" sizes=\"auto, (max-width: 492px) 100vw, 492px\" \/><\/a><\/td>\n<td style=\"width: 23.9345%; text-align: left;\" width=\"289\">\n<p><a href=\"https:\/\/www.univ-orleans.fr\/fr\/idf\/formations\/universite-pedagogique-dete\">Interrogez-vous sur vos pratiques p\u00e9dagogiques, exp\u00e9rimentez-en de nouvelles et appropriez-vous des ressources.<\/a><\/p>\n<\/td>\n<td style=\"width: 17.7049%; text-align: left;\" width=\"125\">\n<p>Du 2 au 16 juillet 2022<\/p>\n<\/td>\n<td style=\"width: 42.9508%; text-align: left;\" width=\"708\">\n<p>700\u20ac pour la quinzaine<\/p>\n<\/td>\n<\/tr>\n<tr>\n<td style=\"width: 13.4426%;\" width=\"182\"><a href=\"http:\/\/www.france.fi\/wp-content\/uploads\/2022\/04\/image017.png\"><img loading=\"lazy\" decoding=\"async\" class=\"aligncenter size-full wp-image-9071\" src=\"http:\/\/www.france.fi\/wp-content\/uploads\/2022\/04\/image017.png\" alt=\"\" width=\"201\" height=\"103\" \/><\/a><\/td>\n<td style=\"width: 23.9345%; text-align: left;\" width=\"289\">\n<p><a href=\"https:\/\/lsf-france.com\/fr\/cours\/pour-professeurs\/\">Mettez \u00e0 jour vos pratiques et apprenez de nouvelles fa\u00e7ons de motiver vos \u00e9l\u00e8ves en innovant et diversifiant vos pratiques tout en restant \u00e0 la pointe de la didactique des langues d\u2019aujourd\u2019hui.<\/a><\/p>\n<\/td>\n<td style=\"width: 17.7049%; text-align: left;\" width=\"125\">\n<p>Entre le 11 et le 29 juillet<\/p>\n<\/td>\n<td style=\"width: 42.9508%; text-align: left;\" width=\"708\">\n<p>380\u20ac par semaine + 80,0\u20ac frais d&rsquo;inscription<\/p>\n<\/td>\n<\/tr>\n<tr>\n<td style=\"width: 13.4426%;\" width=\"182\"><a href=\"http:\/\/www.france.fi\/wp-content\/uploads\/2022\/04\/image019.jpg\"><img loading=\"lazy\" decoding=\"async\" class=\"aligncenter size-full wp-image-9074\" src=\"http:\/\/www.france.fi\/wp-content\/uploads\/2022\/04\/image019.jpg\" alt=\"\" width=\"225\" height=\"225\" srcset=\"https:\/\/www.france.fi\/wp-content\/uploads\/2022\/04\/image019.jpg 225w, https:\/\/www.france.fi\/wp-content\/uploads\/2022\/04\/image019-150x150.jpg 150w\" sizes=\"auto, (max-width: 225px) 100vw, 225px\" \/><\/a><\/td>\n<td style=\"width: 23.9345%; text-align: left;\" width=\"289\">\n<p><a href=\"https:\/\/sejour.fl-france.fr\/francais-professionnel\/professeurs-fle\/\">D\u00e9veloppez et renforcez vos techniques d\u2019enseignement tout en concevant des s\u00e9quences p\u00e9dagogiques. Explorer les subtilit\u00e9s du fran\u00e7ais d\u2019aujourd\u2019hui et travaillez les strat\u00e9gies et dynamiques de groupe.<\/a><\/p>\n<\/td>\n<td style=\"width: 17.7049%; text-align: left;\" width=\"125\">\n<p>Stages en juillet et aout 2022<\/p>\n<\/td>\n<td style=\"width: 42.9508%; text-align: left;\" width=\"708\">\n<p>Entre 740\u20ac et 775\u20ac suivant la ville de formation<\/p>\n<\/td>\n<\/tr>\n<tr>\n<td style=\"width: 13.4426%;\" width=\"182\"><a href=\"http:\/\/www.france.fi\/wp-content\/uploads\/2022\/04\/image021.png\"><img loading=\"lazy\" decoding=\"async\" class=\"aligncenter size-full wp-image-9077\" src=\"http:\/\/www.france.fi\/wp-content\/uploads\/2022\/04\/image021.png\" alt=\"\" width=\"200\" height=\"32\" \/><\/a><\/td>\n<td style=\"width: 23.9345%; text-align: left;\" width=\"289\">\n<p><a href=\"https:\/\/uclouvain.be\/prog-2021-fles8fc-programme\">D\u00e9couvrez, \u00e0 distance, des descriptions et exp\u00e9rimentations de strat\u00e9gies d\u2019enseignement du fran\u00e7ais langue \u00e9trang\u00e8re au d\u00e9part de diff\u00e9rents ainsi que de diff\u00e9rentes ressources.<\/a><\/p>\n<\/td>\n<td style=\"width: 17.7049%; text-align: left;\" width=\"125\">\n<p>25 juillet au 12 aout 2022.<\/p>\n<\/td>\n<td style=\"width: 42.9508%; text-align: left;\" width=\"708\">\n<p>565\u20ac\/ semaine<\/p>\n<\/td>\n<\/tr>\n<tr>\n<td style=\"width: 13.4426%;\" width=\"182\"><a href=\"http:\/\/www.france.fi\/wp-content\/uploads\/2022\/04\/image023.jpg\"><img loading=\"lazy\" decoding=\"async\" class=\"aligncenter size-full wp-image-9080\" src=\"http:\/\/www.france.fi\/wp-content\/uploads\/2022\/04\/image023.jpg\" alt=\"\" width=\"200\" height=\"200\" srcset=\"https:\/\/www.france.fi\/wp-content\/uploads\/2022\/04\/image023.jpg 200w, https:\/\/www.france.fi\/wp-content\/uploads\/2022\/04\/image023-150x150.jpg 150w\" sizes=\"auto, (max-width: 200px) 100vw, 200px\" \/><\/a><\/td>\n<td style=\"width: 23.9345%; text-align: left;\" width=\"289\">\n<p><a href=\"http:\/\/www.unice.fr\/scl\/uien\/index.php?option=com_content&amp;view=article&amp;id=108&amp;Itemid=93&amp;lang=fr\">Renforcez vos comp\u00e9tences en concevant des s\u00e9quences suivant le CECRL et en d\u00e9couvrant comment favoriser la p\u00e9dagogie de projet et les interactions en classe.<\/a><\/p>\n<\/td>\n<td style=\"width: 17.7049%; text-align: left;\" width=\"125\">\n<p>4 au 29 juillet 2022 ou du 22 ao\u00fbt au 2 septembre 2022<\/p>\n<\/td>\n<td style=\"width: 42.9508%; text-align: left;\" width=\"708\">\n<p>600\u20ac\/ semaine<\/p>\n<p>\u00a0<\/p>\n<\/td>\n<\/tr>\n<tr>\n<td style=\"width: 13.4426%;\" width=\"182\"><a href=\"http:\/\/www.france.fi\/wp-content\/uploads\/2022\/04\/image025.png\"><img loading=\"lazy\" decoding=\"async\" class=\"aligncenter size-full wp-image-9083\" src=\"http:\/\/www.france.fi\/wp-content\/uploads\/2022\/04\/image025.png\" alt=\"\" width=\"282\" height=\"151\" \/><\/a><\/td>\n<td style=\"width: 23.9345%; text-align: left;\" width=\"289\">\n<p><a href=\"https:\/\/www.univ-amu.fr\/fr\/public\/stages-professeurs-fle\">Approches ludiques, ateliers d\u2019\u00e9criture, pratiques th\u00e9\u00e2trales, projets photos ou vid\u00e9o, etc., autant de d\u00e9marches p\u00e9dagogiques motivantes qui suscitent le plaisir d\u2019enseigner et d\u2019apprendre le FLE.<\/a><\/p>\n<\/td>\n<td style=\"width: 17.7049%; text-align: left;\" width=\"125\">\n<p>Du lundi 4 au vendredi 16 juillet 2022<\/p>\n<\/td>\n<td style=\"width: 42.9508%; text-align: left;\" width=\"708\">\n<p>500 ou 600\u20ac\/ semaine<\/p>\n<\/td>\n<\/tr>\n<tr>\n<td style=\"width: 13.4426%;\" width=\"182\"><a href=\"http:\/\/www.france.fi\/wp-content\/uploads\/2022\/04\/image027.png\"><img loading=\"lazy\" decoding=\"async\" class=\"aligncenter size-full wp-image-9086\" src=\"http:\/\/www.france.fi\/wp-content\/uploads\/2022\/04\/image027.png\" alt=\"\" width=\"288\" height=\"175\" \/><\/a><\/td>\n<td style=\"width: 23.9345%; text-align: left;\" width=\"289\">\n<p><a href=\"https:\/\/cuef.univ-grenoble-alpes.fr\/menu-principal\/formations-de-formateurs-\/universite-d-ete\/formation-de-perfectionnement-a-l-enseignement-du-fle-fpfle--1000412.kjsp?RH=1488554676210\">Approfondissez ou d\u00e9couvrez un domaine de la didactique du FLE, renouvelez vos pratiques p\u00e9dagogiques et actualisez vos connaissances de la culture fran\u00e7aise contemporaine.<\/a><\/p>\n<\/td>\n<td style=\"width: 17.7049%; text-align: left;\" width=\"125\">\n<p>Du 4 au 8 juillet et\/ou du 11 au 15 juillet 2022.<\/p>\n<\/td>\n<td style=\"width: 42.9508%; text-align: left;\" width=\"708\">\n<p>260 \u20ac\/ semaine<\/p>\n<\/td>\n<\/tr>\n<tr>\n<td style=\"width: 13.4426%;\"><a href=\"http:\/\/www.france.fi\/wp-content\/uploads\/2022\/04\/logo-unicaen.png\"><img loading=\"lazy\" decoding=\"async\" class=\"aligncenter size-full wp-image-9210\" src=\"http:\/\/www.france.fi\/wp-content\/uploads\/2022\/04\/logo-unicaen.png\" alt=\"\" width=\"107\" height=\"64\" \/><\/a><\/td>\n<td style=\"width: 23.9345%; text-align: left;\">\n<p><a href=\"https:\/\/www.unicaen.fr\/international\/formations-en-langues-et-certifications\/etudier-le-francais\/ecoles-dete-du-carre-international-%c2%b7-edeci\/\">Pratiquez intensivement la langue fran\u00e7aise puis \u00e9changez et menez des r\u00e9flexions sur des th\u00e9matiques sp\u00e9cialis\u00e9es comme la didactique des langues ou le syst\u00e8me judiciaire fran\u00e7ais.<\/a><\/p>\n<\/td>\n<td style=\"width: 17.7049%; text-align: left;\">\n<p>Du 13 au 24 juin et\/ou du 27 juin au 15 juillet<\/p>\n<\/td>\n<td style=\"width: 42.9508%; text-align: left;\">\n<p>Entre 347,50 \u20ac et 2010\u20ac suivant le choix et la dur\u00e9e de la formation<\/p>\n<\/td>\n<\/tr>\n<\/tbody>\n<\/table>\n<p>Vous trouverez <strong><a href=\"http:\/\/www.france.fi\/wp-content\/uploads\/2022\/04\/univs-ete.xlsx\">ICI<\/a><\/strong>\u00a0un tableau de synth\u00e8se reprenant chaque formation, ce qu\u2019elle propose ainsi que le programme d\u00e9taill\u00e9.<\/p>\n\n\n\n<p><\/p>\n","protected":false},"excerpt":{"rendered":"<p>Trouvez la meilleure formule pour des vacances studieuses en France ! <\/p>\n","protected":false},"author":2,"featured_media":9095,"comment_status":"closed","ping_status":"open","sticky":false,"template":"","format":"standard","meta":{"footnotes":""},"categories":[45],"tags":[],"class_list":["post-9045","post","type-post","status-publish","format-standard","has-post-thumbnail","hentry","category-langue-francaise"],"yoast_head":"<!-- This site is optimized with the Yoast SEO plugin v27.4 - https:\/\/yoast.com\/product\/yoast-seo-wordpress\/ -->\n<title>Enseignants de fran\u00e7ais\u00a0: profitez de l\u2019\u00e9t\u00e9 pour voyager en France et continuer \u00e0 vous former\u00a0! - Institut fran\u00e7ais<\/title>\n<meta name=\"robots\" content=\"index, follow, max-snippet:-1, max-image-preview:large, max-video-preview:-1\" \/>\n<link rel=\"canonical\" href=\"https:\/\/www.france.fi\/fr\/langue-francaise\/enseignants-de-francais-profitez-de-lete-pour-voyager-en-france-et-continuer-a-vous-former\/\" \/>\n<meta property=\"og:locale\" content=\"fr_FR\" \/>\n<meta property=\"og:type\" content=\"article\" \/>\n<meta property=\"og:title\" content=\"Enseignants de fran\u00e7ais\u00a0: profitez de l\u2019\u00e9t\u00e9 pour voyager en France et continuer \u00e0 vous former\u00a0! - Institut fran\u00e7ais\" \/>\n<meta property=\"og:description\" content=\"Trouvez la meilleure formule pour des vacances studieuses en France !\" \/>\n<meta property=\"og:url\" content=\"https:\/\/www.france.fi\/fr\/langue-francaise\/enseignants-de-francais-profitez-de-lete-pour-voyager-en-france-et-continuer-a-vous-former\/\" \/>\n<meta property=\"og:site_name\" content=\"Institut fran\u00e7ais\" \/>\n<meta property=\"article:publisher\" content=\"https:\/\/www.facebook.com\/institutfrancaisfi\" \/>\n<meta property=\"article:published_time\" content=\"2022-04-06T11:33:32+00:00\" \/>\n<meta property=\"article:modified_time\" content=\"2022-09-29T13:37:01+00:00\" \/>\n<meta property=\"og:image\" content=\"https:\/\/www.france.fi\/wp-content\/uploads\/2022\/04\/centres-de-formation-1098x617.jpg\" \/>\n\t<meta property=\"og:image:width\" content=\"1280\" \/>\n\t<meta property=\"og:image:height\" content=\"720\" \/>\n\t<meta property=\"og:image:type\" content=\"image\/jpeg\" \/>\n<meta name=\"author\" content=\"Equipe IFF\" \/>\n<meta name=\"twitter:card\" content=\"summary_large_image\" \/>\n<meta name=\"twitter:creator\" content=\"@IFFinlande\" \/>\n<meta name=\"twitter:site\" content=\"@IFFinlande\" \/>\n<meta name=\"twitter:label1\" content=\"\u00c9crit par\" \/>\n\t<meta name=\"twitter:data1\" content=\"Equipe IFF\" \/>\n\t<meta name=\"twitter:label2\" content=\"Dur\u00e9e de lecture estim\u00e9e\" \/>\n\t<meta name=\"twitter:data2\" content=\"7 minutes\" \/>\n<script type=\"application\/ld+json\" class=\"yoast-schema-graph\">{\"@context\":\"https:\\\/\\\/schema.org\",\"@graph\":[{\"@type\":\"Article\",\"@id\":\"https:\\\/\\\/www.france.fi\\\/fr\\\/langue-francaise\\\/enseignants-de-francais-profitez-de-lete-pour-voyager-en-france-et-continuer-a-vous-former\\\/#article\",\"isPartOf\":{\"@id\":\"https:\\\/\\\/www.france.fi\\\/fr\\\/langue-francaise\\\/enseignants-de-francais-profitez-de-lete-pour-voyager-en-france-et-continuer-a-vous-former\\\/\"},\"author\":{\"name\":\"Equipe IFF\",\"@id\":\"https:\\\/\\\/www.france.fi\\\/#\\\/schema\\\/person\\\/ed873f29db1d0af6a3600d15d3b65bfd\"},\"headline\":\"Enseignants de fran\u00e7ais\u00a0: profitez de l\u2019\u00e9t\u00e9 pour voyager en France et continuer \u00e0 vous former\u00a0!\",\"datePublished\":\"2022-04-06T11:33:32+00:00\",\"dateModified\":\"2022-09-29T13:37:01+00:00\",\"mainEntityOfPage\":{\"@id\":\"https:\\\/\\\/www.france.fi\\\/fr\\\/langue-francaise\\\/enseignants-de-francais-profitez-de-lete-pour-voyager-en-france-et-continuer-a-vous-former\\\/\"},\"wordCount\":644,\"publisher\":{\"@id\":\"https:\\\/\\\/www.france.fi\\\/#organization\"},\"image\":{\"@id\":\"https:\\\/\\\/www.france.fi\\\/fr\\\/langue-francaise\\\/enseignants-de-francais-profitez-de-lete-pour-voyager-en-france-et-continuer-a-vous-former\\\/#primaryimage\"},\"thumbnailUrl\":\"https:\\\/\\\/www.france.fi\\\/wp-content\\\/uploads\\\/2022\\\/04\\\/centres-de-formation-1098x617.jpg\",\"articleSection\":[\"Langue fran\u00e7aise\"],\"inLanguage\":\"fr-FR\"},{\"@type\":\"WebPage\",\"@id\":\"https:\\\/\\\/www.france.fi\\\/fr\\\/langue-francaise\\\/enseignants-de-francais-profitez-de-lete-pour-voyager-en-france-et-continuer-a-vous-former\\\/\",\"url\":\"https:\\\/\\\/www.france.fi\\\/fr\\\/langue-francaise\\\/enseignants-de-francais-profitez-de-lete-pour-voyager-en-france-et-continuer-a-vous-former\\\/\",\"name\":\"Enseignants de fran\u00e7ais\u00a0: profitez de l\u2019\u00e9t\u00e9 pour voyager en France et continuer \u00e0 vous former\u00a0! - Institut fran\u00e7ais\",\"isPartOf\":{\"@id\":\"https:\\\/\\\/www.france.fi\\\/#website\"},\"primaryImageOfPage\":{\"@id\":\"https:\\\/\\\/www.france.fi\\\/fr\\\/langue-francaise\\\/enseignants-de-francais-profitez-de-lete-pour-voyager-en-france-et-continuer-a-vous-former\\\/#primaryimage\"},\"image\":{\"@id\":\"https:\\\/\\\/www.france.fi\\\/fr\\\/langue-francaise\\\/enseignants-de-francais-profitez-de-lete-pour-voyager-en-france-et-continuer-a-vous-former\\\/#primaryimage\"},\"thumbnailUrl\":\"https:\\\/\\\/www.france.fi\\\/wp-content\\\/uploads\\\/2022\\\/04\\\/centres-de-formation-1098x617.jpg\",\"datePublished\":\"2022-04-06T11:33:32+00:00\",\"dateModified\":\"2022-09-29T13:37:01+00:00\",\"breadcrumb\":{\"@id\":\"https:\\\/\\\/www.france.fi\\\/fr\\\/langue-francaise\\\/enseignants-de-francais-profitez-de-lete-pour-voyager-en-france-et-continuer-a-vous-former\\\/#breadcrumb\"},\"inLanguage\":\"fr-FR\",\"potentialAction\":[{\"@type\":\"ReadAction\",\"target\":[\"https:\\\/\\\/www.france.fi\\\/fr\\\/langue-francaise\\\/enseignants-de-francais-profitez-de-lete-pour-voyager-en-france-et-continuer-a-vous-former\\\/\"]}]},{\"@type\":\"ImageObject\",\"inLanguage\":\"fr-FR\",\"@id\":\"https:\\\/\\\/www.france.fi\\\/fr\\\/langue-francaise\\\/enseignants-de-francais-profitez-de-lete-pour-voyager-en-france-et-continuer-a-vous-former\\\/#primaryimage\",\"url\":\"https:\\\/\\\/www.france.fi\\\/wp-content\\\/uploads\\\/2022\\\/04\\\/centres-de-formation-1098x617.jpg\",\"contentUrl\":\"https:\\\/\\\/www.france.fi\\\/wp-content\\\/uploads\\\/2022\\\/04\\\/centres-de-formation-1098x617.jpg\",\"width\":1280,\"height\":720},{\"@type\":\"BreadcrumbList\",\"@id\":\"https:\\\/\\\/www.france.fi\\\/fr\\\/langue-francaise\\\/enseignants-de-francais-profitez-de-lete-pour-voyager-en-france-et-continuer-a-vous-former\\\/#breadcrumb\",\"itemListElement\":[{\"@type\":\"ListItem\",\"position\":1,\"name\":\"Home\",\"item\":\"https:\\\/\\\/www.france.fi\\\/fr\\\/\"},{\"@type\":\"ListItem\",\"position\":2,\"name\":\"Langue fran\u00e7aise\",\"item\":\"https:\\\/\\\/www.france.fi\\\/fr\\\/category\\\/langue-francaise\\\/\"},{\"@type\":\"ListItem\",\"position\":3,\"name\":\"Enseignants de fran\u00e7ais\u00a0: profitez de l\u2019\u00e9t\u00e9 pour voyager en France et continuer \u00e0 vous former\u00a0!\"}]},{\"@type\":\"WebSite\",\"@id\":\"https:\\\/\\\/www.france.fi\\\/#website\",\"url\":\"https:\\\/\\\/www.france.fi\\\/\",\"name\":\"Institut fran\u00e7ais de Finlande\",\"description\":\"\",\"publisher\":{\"@id\":\"https:\\\/\\\/www.france.fi\\\/#organization\"},\"potentialAction\":[{\"@type\":\"SearchAction\",\"target\":{\"@type\":\"EntryPoint\",\"urlTemplate\":\"https:\\\/\\\/www.france.fi\\\/?s={search_term_string}\"},\"query-input\":{\"@type\":\"PropertyValueSpecification\",\"valueRequired\":true,\"valueName\":\"search_term_string\"}}],\"inLanguage\":\"fr-FR\"},{\"@type\":\"Organization\",\"@id\":\"https:\\\/\\\/www.france.fi\\\/#organization\",\"name\":\"Institut fran\u00e7ais de Finlande\",\"url\":\"https:\\\/\\\/www.france.fi\\\/\",\"logo\":{\"@type\":\"ImageObject\",\"inLanguage\":\"fr-FR\",\"@id\":\"https:\\\/\\\/www.france.fi\\\/#\\\/schema\\\/logo\\\/image\\\/\",\"url\":\"https:\\\/\\\/www.france.fi\\\/wp-content\\\/uploads\\\/2024\\\/02\\\/if-logo-1.png\",\"contentUrl\":\"https:\\\/\\\/www.france.fi\\\/wp-content\\\/uploads\\\/2024\\\/02\\\/if-logo-1.png\",\"width\":687,\"height\":459,\"caption\":\"Institut fran\u00e7ais de Finlande\"},\"image\":{\"@id\":\"https:\\\/\\\/www.france.fi\\\/#\\\/schema\\\/logo\\\/image\\\/\"},\"sameAs\":[\"https:\\\/\\\/www.facebook.com\\\/institutfrancaisfi\",\"https:\\\/\\\/x.com\\\/IFFinlande\",\"https:\\\/\\\/www.instagram.com\\\/iffinlande\\\/\",\"https:\\\/\\\/fr.linkedin.com\\\/organization-guest\\\/company\\\/institut-fran-ais-de-finlande\",\"https:\\\/\\\/www.youtube.com\\\/channel\\\/UCHAitdpmSbeP78eL49XMotA\"]},{\"@type\":\"Person\",\"@id\":\"https:\\\/\\\/www.france.fi\\\/#\\\/schema\\\/person\\\/ed873f29db1d0af6a3600d15d3b65bfd\",\"name\":\"Equipe IFF\",\"image\":{\"@type\":\"ImageObject\",\"inLanguage\":\"fr-FR\",\"@id\":\"https:\\\/\\\/secure.gravatar.com\\\/avatar\\\/3c4ba80228d01014b25e45e90abb28ce315a02c6572751a7fb2298e4274989fc?s=96&d=mm&r=g\",\"url\":\"https:\\\/\\\/secure.gravatar.com\\\/avatar\\\/3c4ba80228d01014b25e45e90abb28ce315a02c6572751a7fb2298e4274989fc?s=96&d=mm&r=g\",\"contentUrl\":\"https:\\\/\\\/secure.gravatar.com\\\/avatar\\\/3c4ba80228d01014b25e45e90abb28ce315a02c6572751a7fb2298e4274989fc?s=96&d=mm&r=g\",\"caption\":\"Equipe IFF\"},\"url\":\"https:\\\/\\\/www.france.fi\\\/fr\\\/author\\\/iffadmin\\\/\"}]}<\/script>\n<!-- \/ Yoast SEO plugin. -->","yoast_head_json":{"title":"Enseignants de fran\u00e7ais\u00a0: profitez de l\u2019\u00e9t\u00e9 pour voyager en France et continuer \u00e0 vous former\u00a0! - Institut fran\u00e7ais","robots":{"index":"index","follow":"follow","max-snippet":"max-snippet:-1","max-image-preview":"max-image-preview:large","max-video-preview":"max-video-preview:-1"},"canonical":"https:\/\/www.france.fi\/fr\/langue-francaise\/enseignants-de-francais-profitez-de-lete-pour-voyager-en-france-et-continuer-a-vous-former\/","og_locale":"fr_FR","og_type":"article","og_title":"Enseignants de fran\u00e7ais\u00a0: profitez de l\u2019\u00e9t\u00e9 pour voyager en France et continuer \u00e0 vous former\u00a0! - Institut fran\u00e7ais","og_description":"Trouvez la meilleure formule pour des vacances studieuses en France !","og_url":"https:\/\/www.france.fi\/fr\/langue-francaise\/enseignants-de-francais-profitez-de-lete-pour-voyager-en-france-et-continuer-a-vous-former\/","og_site_name":"Institut fran\u00e7ais","article_publisher":"https:\/\/www.facebook.com\/institutfrancaisfi","article_published_time":"2022-04-06T11:33:32+00:00","article_modified_time":"2022-09-29T13:37:01+00:00","og_image":[{"width":1280,"height":720,"url":"https:\/\/www.france.fi\/wp-content\/uploads\/2022\/04\/centres-de-formation-1098x617.jpg","type":"image\/jpeg"}],"author":"Equipe IFF","twitter_card":"summary_large_image","twitter_creator":"@IFFinlande","twitter_site":"@IFFinlande","twitter_misc":{"\u00c9crit par":"Equipe IFF","Dur\u00e9e de lecture estim\u00e9e":"7 minutes"},"schema":{"@context":"https:\/\/schema.org","@graph":[{"@type":"Article","@id":"https:\/\/www.france.fi\/fr\/langue-francaise\/enseignants-de-francais-profitez-de-lete-pour-voyager-en-france-et-continuer-a-vous-former\/#article","isPartOf":{"@id":"https:\/\/www.france.fi\/fr\/langue-francaise\/enseignants-de-francais-profitez-de-lete-pour-voyager-en-france-et-continuer-a-vous-former\/"},"author":{"name":"Equipe IFF","@id":"https:\/\/www.france.fi\/#\/schema\/person\/ed873f29db1d0af6a3600d15d3b65bfd"},"headline":"Enseignants de fran\u00e7ais\u00a0: profitez de l\u2019\u00e9t\u00e9 pour voyager en France et continuer \u00e0 vous former\u00a0!","datePublished":"2022-04-06T11:33:32+00:00","dateModified":"2022-09-29T13:37:01+00:00","mainEntityOfPage":{"@id":"https:\/\/www.france.fi\/fr\/langue-francaise\/enseignants-de-francais-profitez-de-lete-pour-voyager-en-france-et-continuer-a-vous-former\/"},"wordCount":644,"publisher":{"@id":"https:\/\/www.france.fi\/#organization"},"image":{"@id":"https:\/\/www.france.fi\/fr\/langue-francaise\/enseignants-de-francais-profitez-de-lete-pour-voyager-en-france-et-continuer-a-vous-former\/#primaryimage"},"thumbnailUrl":"https:\/\/www.france.fi\/wp-content\/uploads\/2022\/04\/centres-de-formation-1098x617.jpg","articleSection":["Langue fran\u00e7aise"],"inLanguage":"fr-FR"},{"@type":"WebPage","@id":"https:\/\/www.france.fi\/fr\/langue-francaise\/enseignants-de-francais-profitez-de-lete-pour-voyager-en-france-et-continuer-a-vous-former\/","url":"https:\/\/www.france.fi\/fr\/langue-francaise\/enseignants-de-francais-profitez-de-lete-pour-voyager-en-france-et-continuer-a-vous-former\/","name":"Enseignants de fran\u00e7ais\u00a0: profitez de l\u2019\u00e9t\u00e9 pour voyager en France et continuer \u00e0 vous former\u00a0! - Institut fran\u00e7ais","isPartOf":{"@id":"https:\/\/www.france.fi\/#website"},"primaryImageOfPage":{"@id":"https:\/\/www.france.fi\/fr\/langue-francaise\/enseignants-de-francais-profitez-de-lete-pour-voyager-en-france-et-continuer-a-vous-former\/#primaryimage"},"image":{"@id":"https:\/\/www.france.fi\/fr\/langue-francaise\/enseignants-de-francais-profitez-de-lete-pour-voyager-en-france-et-continuer-a-vous-former\/#primaryimage"},"thumbnailUrl":"https:\/\/www.france.fi\/wp-content\/uploads\/2022\/04\/centres-de-formation-1098x617.jpg","datePublished":"2022-04-06T11:33:32+00:00","dateModified":"2022-09-29T13:37:01+00:00","breadcrumb":{"@id":"https:\/\/www.france.fi\/fr\/langue-francaise\/enseignants-de-francais-profitez-de-lete-pour-voyager-en-france-et-continuer-a-vous-former\/#breadcrumb"},"inLanguage":"fr-FR","potentialAction":[{"@type":"ReadAction","target":["https:\/\/www.france.fi\/fr\/langue-francaise\/enseignants-de-francais-profitez-de-lete-pour-voyager-en-france-et-continuer-a-vous-former\/"]}]},{"@type":"ImageObject","inLanguage":"fr-FR","@id":"https:\/\/www.france.fi\/fr\/langue-francaise\/enseignants-de-francais-profitez-de-lete-pour-voyager-en-france-et-continuer-a-vous-former\/#primaryimage","url":"https:\/\/www.france.fi\/wp-content\/uploads\/2022\/04\/centres-de-formation-1098x617.jpg","contentUrl":"https:\/\/www.france.fi\/wp-content\/uploads\/2022\/04\/centres-de-formation-1098x617.jpg","width":1280,"height":720},{"@type":"BreadcrumbList","@id":"https:\/\/www.france.fi\/fr\/langue-francaise\/enseignants-de-francais-profitez-de-lete-pour-voyager-en-france-et-continuer-a-vous-former\/#breadcrumb","itemListElement":[{"@type":"ListItem","position":1,"name":"Home","item":"https:\/\/www.france.fi\/fr\/"},{"@type":"ListItem","position":2,"name":"Langue fran\u00e7aise","item":"https:\/\/www.france.fi\/fr\/category\/langue-francaise\/"},{"@type":"ListItem","position":3,"name":"Enseignants de fran\u00e7ais\u00a0: profitez de l\u2019\u00e9t\u00e9 pour voyager en France et continuer \u00e0 vous former\u00a0!"}]},{"@type":"WebSite","@id":"https:\/\/www.france.fi\/#website","url":"https:\/\/www.france.fi\/","name":"Institut fran\u00e7ais de Finlande","description":"","publisher":{"@id":"https:\/\/www.france.fi\/#organization"},"potentialAction":[{"@type":"SearchAction","target":{"@type":"EntryPoint","urlTemplate":"https:\/\/www.france.fi\/?s={search_term_string}"},"query-input":{"@type":"PropertyValueSpecification","valueRequired":true,"valueName":"search_term_string"}}],"inLanguage":"fr-FR"},{"@type":"Organization","@id":"https:\/\/www.france.fi\/#organization","name":"Institut fran\u00e7ais de Finlande","url":"https:\/\/www.france.fi\/","logo":{"@type":"ImageObject","inLanguage":"fr-FR","@id":"https:\/\/www.france.fi\/#\/schema\/logo\/image\/","url":"https:\/\/www.france.fi\/wp-content\/uploads\/2024\/02\/if-logo-1.png","contentUrl":"https:\/\/www.france.fi\/wp-content\/uploads\/2024\/02\/if-logo-1.png","width":687,"height":459,"caption":"Institut fran\u00e7ais de Finlande"},"image":{"@id":"https:\/\/www.france.fi\/#\/schema\/logo\/image\/"},"sameAs":["https:\/\/www.facebook.com\/institutfrancaisfi","https:\/\/x.com\/IFFinlande","https:\/\/www.instagram.com\/iffinlande\/","https:\/\/fr.linkedin.com\/organization-guest\/company\/institut-fran-ais-de-finlande","https:\/\/www.youtube.com\/channel\/UCHAitdpmSbeP78eL49XMotA"]},{"@type":"Person","@id":"https:\/\/www.france.fi\/#\/schema\/person\/ed873f29db1d0af6a3600d15d3b65bfd","name":"Equipe IFF","image":{"@type":"ImageObject","inLanguage":"fr-FR","@id":"https:\/\/secure.gravatar.com\/avatar\/3c4ba80228d01014b25e45e90abb28ce315a02c6572751a7fb2298e4274989fc?s=96&d=mm&r=g","url":"https:\/\/secure.gravatar.com\/avatar\/3c4ba80228d01014b25e45e90abb28ce315a02c6572751a7fb2298e4274989fc?s=96&d=mm&r=g","contentUrl":"https:\/\/secure.gravatar.com\/avatar\/3c4ba80228d01014b25e45e90abb28ce315a02c6572751a7fb2298e4274989fc?s=96&d=mm&r=g","caption":"Equipe IFF"},"url":"https:\/\/www.france.fi\/fr\/author\/iffadmin\/"}]}},"_links":{"self":[{"href":"https:\/\/www.france.fi\/fr\/wp-json\/wp\/v2\/posts\/9045","targetHints":{"allow":["GET"]}}],"collection":[{"href":"https:\/\/www.france.fi\/fr\/wp-json\/wp\/v2\/posts"}],"about":[{"href":"https:\/\/www.france.fi\/fr\/wp-json\/wp\/v2\/types\/post"}],"author":[{"embeddable":true,"href":"https:\/\/www.france.fi\/fr\/wp-json\/wp\/v2\/users\/2"}],"replies":[{"embeddable":true,"href":"https:\/\/www.france.fi\/fr\/wp-json\/wp\/v2\/comments?post=9045"}],"version-history":[{"count":0,"href":"https:\/\/www.france.fi\/fr\/wp-json\/wp\/v2\/posts\/9045\/revisions"}],"wp:featuredmedia":[{"embeddable":true,"href":"https:\/\/www.france.fi\/fr\/wp-json\/wp\/v2\/media\/9095"}],"wp:attachment":[{"href":"https:\/\/www.france.fi\/fr\/wp-json\/wp\/v2\/media?parent=9045"}],"wp:term":[{"taxonomy":"category","embeddable":true,"href":"https:\/\/www.france.fi\/fr\/wp-json\/wp\/v2\/categories?post=9045"},{"taxonomy":"post_tag","embeddable":true,"href":"https:\/\/www.france.fi\/fr\/wp-json\/wp\/v2\/tags?post=9045"}],"curies":[{"name":"wp","href":"https:\/\/api.w.org\/{rel}","templated":true}]}}