{"id":9131,"date":"2022-04-13T15:49:11","date_gmt":"2022-04-13T12:49:11","guid":{"rendered":"http:\/\/www.france.fi\/?p=9131"},"modified":"2022-06-01T11:31:31","modified_gmt":"2022-06-01T08:31:31","slug":"le-jour-de-leurope-un-speak-dating-de-lyceens-francais-et-finlandais","status":"publish","type":"post","link":"https:\/\/www.france.fi\/fr\/langue-francaise\/le-jour-de-leurope-un-speak-dating-de-lyceens-francais-et-finlandais\/","title":{"rendered":"Le jour de l\u2019Europe,  un speak-dating de lyc\u00e9ens fran\u00e7ais et finlandais"},"content":{"rendered":"\n<h4 style=\"text-align: left;\"><b>Comment \u00e7a va se passer\u00a0?<\/b><\/h4>\n<p style=\"text-align: left;\">Des bin\u00f4mes ou des petits groupes seront constitu\u00e9s pour des \u00e9changes courts sur Zoom, sur des cr\u00e9neaux de 10 minutes. Chaque \u00e9l\u00e8ve peut s\u2019inscrire sur plusieurs cr\u00e9neaux\u00a0!<\/p>\n<p style=\"text-align: left;\">C\u2019est l\u2019occasion de discuter avec d\u2019autres lyc\u00e9ens fran\u00e7ais, sur des sujets qui vous int\u00e9ressent\u00a0!<\/p>\n<p style=\"text-align: left;\">Les enseignants r\u00e9f\u00e9rents fran\u00e7ais accompagneront leurs \u00e9l\u00e8ves\u00a0; les enseignants finlandais peuvent faire de m\u00eame.<\/p>\n<p style=\"text-align: left;\">Les lyc\u00e9ens pourront \u00e9changer leurs coordonn\u00e9es s\u2019ils le souhaitent \u00e0 la fin de l\u2019\u00e9change\u00a0!<\/p>\n<h4 style=\"text-align: left;\"><b>Qui peut participer\u00a0?<\/b><\/h4>\n<ul style=\"text-align: left;\">\n<li>Tous les lyc\u00e9ens finlandais inscrits par leur enseignant de fran\u00e7ais.<\/li>\n<li>Les enseignants de fran\u00e7ais doivent transmettre avant le 4 mai 2022 la liste des lyc\u00e9ens participants \u00e0\u00a0<a tabindex=\"-1\" title=\"mailto:anne-laure.rigeade@france.fi\" href=\"mailto:anne-laure.rigeade@france.fi\" target=\"_blank\" rel=\"noopener noreferrer\" aria-label=\"Lien anne-laure.rigeade@france.fi\">anne-laure.rigeade@france.fi<\/a>\u00a0\u00a0<\/li>\n<\/ul>\n<h4 style=\"text-align: left;\"><b>Comment s\u2019inscrire\u00a0?<\/b><\/h4>\n<ul>\n<li style=\"text-align: left;\">Les enseignants de fran\u00e7ais doivent envoyer une liste de leurs \u00e9l\u00e8ves (avec leurs adresses mails et leur niveau) a<b>vant le mercredi 4 mai,\u00a0<\/b><a tabindex=\"-1\" title=\"mailto:anne-laure.rigeade@france.fi\" href=\"mailto:anne-laure.rigeade@france.fi\" target=\"_blank\" rel=\"noopener noreferrer\" aria-label=\"Lien anne-laure.rigeade@france.fi\">anne-laure.rigeade@france.fi<\/a>\u00a0<b>.<\/b>\u00a0Toute inscription re\u00e7ue apr\u00e8s cette date ne sera pas prise en compte.<\/li>\n<li style=\"text-align: left;\">Chaque enseignant inscrit ses \u00e9l\u00e8ves en remplissant <a href=\"http:\/\/www.france.fi\/wp-content\/uploads\/2022\/04\/excel-speak-dating-9-mai-2022.xlsx\">c<strong>e tableau excel.<\/strong><\/a><\/li>\n<li style=\"text-align: left;\">Aucune inscription individuelle par un \u00e9l\u00e8ve ne sera accept\u00e9e.<\/li>\n<li style=\"text-align: left;\">Le lien zoom ne sera envoy\u00e9 aux enseignants ayant inscrit leurs \u00e9l\u00e8ves avec un ordre de passage. Cette liste sera envoy\u00e9e\u00a0<b>le jeudi 5 mai<\/b>\u00a0et ne sera pas modifiable.<\/li>\n<\/ul>\n","protected":false},"excerpt":{"rendered":"<p>Pour la journ\u00e9e de l\u2019Europe, l\u2019Institut fran\u00e7ais de Finlande, l\u2019association des professeurs de fran\u00e7ais de Finlande et la DREIC de l\u2019Acad\u00e9mie de Bretagne proposent \u00e0 des lyc\u00e9ens finlandais et fran\u00e7ais de se rencontrer en ligne !<\/p>\n","protected":false},"author":2,"featured_media":9136,"comment_status":"closed","ping_status":"open","sticky":false,"template":"","format":"standard","meta":{"footnotes":""},"categories":[45],"tags":[],"class_list":["post-9131","post","type-post","status-publish","format-standard","has-post-thumbnail","hentry","category-langue-francaise"],"yoast_head":"<!-- This site is optimized with the Yoast SEO plugin v27.4 - https:\/\/yoast.com\/product\/yoast-seo-wordpress\/ -->\n<title>Le jour de l\u2019Europe, un speak-dating de lyc\u00e9ens fran\u00e7ais et finlandais - Institut fran\u00e7ais<\/title>\n<meta name=\"robots\" content=\"index, follow, max-snippet:-1, max-image-preview:large, max-video-preview:-1\" \/>\n<link rel=\"canonical\" href=\"https:\/\/www.france.fi\/fr\/langue-francaise\/le-jour-de-leurope-un-speak-dating-de-lyceens-francais-et-finlandais\/\" \/>\n<meta property=\"og:locale\" content=\"fr_FR\" \/>\n<meta property=\"og:type\" content=\"article\" \/>\n<meta property=\"og:title\" content=\"Le jour de l\u2019Europe, un speak-dating de lyc\u00e9ens fran\u00e7ais et finlandais - Institut fran\u00e7ais\" \/>\n<meta property=\"og:description\" content=\"Pour la journ\u00e9e de l\u2019Europe, l\u2019Institut fran\u00e7ais de Finlande, l\u2019association des professeurs de fran\u00e7ais de Finlande et la DREIC de l\u2019Acad\u00e9mie de Bretagne proposent \u00e0 des lyc\u00e9ens finlandais et fran\u00e7ais de se rencontrer en ligne !\" \/>\n<meta property=\"og:url\" content=\"https:\/\/www.france.fi\/fr\/langue-francaise\/le-jour-de-leurope-un-speak-dating-de-lyceens-francais-et-finlandais\/\" \/>\n<meta property=\"og:site_name\" content=\"Institut fran\u00e7ais\" \/>\n<meta property=\"article:publisher\" content=\"https:\/\/www.facebook.com\/institutfrancaisfi\" \/>\n<meta property=\"article:published_time\" content=\"2022-04-13T12:49:11+00:00\" \/>\n<meta property=\"article:modified_time\" content=\"2022-06-01T08:31:31+00:00\" \/>\n<meta property=\"og:image\" content=\"https:\/\/www.france.fi\/wp-content\/uploads\/2022\/04\/euro-1098x617.jpg\" \/>\n\t<meta property=\"og:image:width\" content=\"1920\" \/>\n\t<meta property=\"og:image:height\" content=\"1080\" \/>\n\t<meta property=\"og:image:type\" content=\"image\/jpeg\" \/>\n<meta name=\"author\" content=\"Equipe IFF\" \/>\n<meta name=\"twitter:card\" content=\"summary_large_image\" \/>\n<meta name=\"twitter:creator\" content=\"@IFFinlande\" \/>\n<meta name=\"twitter:site\" content=\"@IFFinlande\" \/>\n<meta name=\"twitter:label1\" content=\"\u00c9crit par\" \/>\n\t<meta name=\"twitter:data1\" content=\"Equipe IFF\" \/>\n\t<meta name=\"twitter:label2\" content=\"Dur\u00e9e de lecture estim\u00e9e\" \/>\n\t<meta name=\"twitter:data2\" content=\"1 minute\" \/>\n<script type=\"application\/ld+json\" class=\"yoast-schema-graph\">{\"@context\":\"https:\\\/\\\/schema.org\",\"@graph\":[{\"@type\":\"Article\",\"@id\":\"https:\\\/\\\/www.france.fi\\\/fr\\\/langue-francaise\\\/le-jour-de-leurope-un-speak-dating-de-lyceens-francais-et-finlandais\\\/#article\",\"isPartOf\":{\"@id\":\"https:\\\/\\\/www.france.fi\\\/fr\\\/langue-francaise\\\/le-jour-de-leurope-un-speak-dating-de-lyceens-francais-et-finlandais\\\/\"},\"author\":{\"name\":\"Equipe IFF\",\"@id\":\"https:\\\/\\\/www.france.fi\\\/#\\\/schema\\\/person\\\/ed873f29db1d0af6a3600d15d3b65bfd\"},\"headline\":\"Le jour de l\u2019Europe, un speak-dating de lyc\u00e9ens fran\u00e7ais et finlandais\",\"datePublished\":\"2022-04-13T12:49:11+00:00\",\"dateModified\":\"2022-06-01T08:31:31+00:00\",\"mainEntityOfPage\":{\"@id\":\"https:\\\/\\\/www.france.fi\\\/fr\\\/langue-francaise\\\/le-jour-de-leurope-un-speak-dating-de-lyceens-francais-et-finlandais\\\/\"},\"wordCount\":240,\"publisher\":{\"@id\":\"https:\\\/\\\/www.france.fi\\\/#organization\"},\"image\":{\"@id\":\"https:\\\/\\\/www.france.fi\\\/fr\\\/langue-francaise\\\/le-jour-de-leurope-un-speak-dating-de-lyceens-francais-et-finlandais\\\/#primaryimage\"},\"thumbnailUrl\":\"https:\\\/\\\/www.france.fi\\\/wp-content\\\/uploads\\\/2022\\\/04\\\/euro-1280x720.jpg\",\"articleSection\":[\"Langue fran\u00e7aise\"],\"inLanguage\":\"fr-FR\"},{\"@type\":\"WebPage\",\"@id\":\"https:\\\/\\\/www.france.fi\\\/fr\\\/langue-francaise\\\/le-jour-de-leurope-un-speak-dating-de-lyceens-francais-et-finlandais\\\/\",\"url\":\"https:\\\/\\\/www.france.fi\\\/fr\\\/langue-francaise\\\/le-jour-de-leurope-un-speak-dating-de-lyceens-francais-et-finlandais\\\/\",\"name\":\"Le jour de l\u2019Europe, un speak-dating de lyc\u00e9ens fran\u00e7ais et finlandais - Institut fran\u00e7ais\",\"isPartOf\":{\"@id\":\"https:\\\/\\\/www.france.fi\\\/#website\"},\"primaryImageOfPage\":{\"@id\":\"https:\\\/\\\/www.france.fi\\\/fr\\\/langue-francaise\\\/le-jour-de-leurope-un-speak-dating-de-lyceens-francais-et-finlandais\\\/#primaryimage\"},\"image\":{\"@id\":\"https:\\\/\\\/www.france.fi\\\/fr\\\/langue-francaise\\\/le-jour-de-leurope-un-speak-dating-de-lyceens-francais-et-finlandais\\\/#primaryimage\"},\"thumbnailUrl\":\"https:\\\/\\\/www.france.fi\\\/wp-content\\\/uploads\\\/2022\\\/04\\\/euro-1280x720.jpg\",\"datePublished\":\"2022-04-13T12:49:11+00:00\",\"dateModified\":\"2022-06-01T08:31:31+00:00\",\"breadcrumb\":{\"@id\":\"https:\\\/\\\/www.france.fi\\\/fr\\\/langue-francaise\\\/le-jour-de-leurope-un-speak-dating-de-lyceens-francais-et-finlandais\\\/#breadcrumb\"},\"inLanguage\":\"fr-FR\",\"potentialAction\":[{\"@type\":\"ReadAction\",\"target\":[\"https:\\\/\\\/www.france.fi\\\/fr\\\/langue-francaise\\\/le-jour-de-leurope-un-speak-dating-de-lyceens-francais-et-finlandais\\\/\"]}]},{\"@type\":\"ImageObject\",\"inLanguage\":\"fr-FR\",\"@id\":\"https:\\\/\\\/www.france.fi\\\/fr\\\/langue-francaise\\\/le-jour-de-leurope-un-speak-dating-de-lyceens-francais-et-finlandais\\\/#primaryimage\",\"url\":\"https:\\\/\\\/www.france.fi\\\/wp-content\\\/uploads\\\/2022\\\/04\\\/euro-1280x720.jpg\",\"contentUrl\":\"https:\\\/\\\/www.france.fi\\\/wp-content\\\/uploads\\\/2022\\\/04\\\/euro-1280x720.jpg\",\"width\":1920,\"height\":1080},{\"@type\":\"BreadcrumbList\",\"@id\":\"https:\\\/\\\/www.france.fi\\\/fr\\\/langue-francaise\\\/le-jour-de-leurope-un-speak-dating-de-lyceens-francais-et-finlandais\\\/#breadcrumb\",\"itemListElement\":[{\"@type\":\"ListItem\",\"position\":1,\"name\":\"Home\",\"item\":\"https:\\\/\\\/www.france.fi\\\/fr\\\/\"},{\"@type\":\"ListItem\",\"position\":2,\"name\":\"Langue fran\u00e7aise\",\"item\":\"https:\\\/\\\/www.france.fi\\\/fr\\\/category\\\/langue-francaise\\\/\"},{\"@type\":\"ListItem\",\"position\":3,\"name\":\"Le jour de l\u2019Europe, un speak-dating de lyc\u00e9ens fran\u00e7ais et finlandais\"}]},{\"@type\":\"WebSite\",\"@id\":\"https:\\\/\\\/www.france.fi\\\/#website\",\"url\":\"https:\\\/\\\/www.france.fi\\\/\",\"name\":\"Institut fran\u00e7ais de Finlande\",\"description\":\"\",\"publisher\":{\"@id\":\"https:\\\/\\\/www.france.fi\\\/#organization\"},\"potentialAction\":[{\"@type\":\"SearchAction\",\"target\":{\"@type\":\"EntryPoint\",\"urlTemplate\":\"https:\\\/\\\/www.france.fi\\\/?s={search_term_string}\"},\"query-input\":{\"@type\":\"PropertyValueSpecification\",\"valueRequired\":true,\"valueName\":\"search_term_string\"}}],\"inLanguage\":\"fr-FR\"},{\"@type\":\"Organization\",\"@id\":\"https:\\\/\\\/www.france.fi\\\/#organization\",\"name\":\"Institut fran\u00e7ais de Finlande\",\"url\":\"https:\\\/\\\/www.france.fi\\\/\",\"logo\":{\"@type\":\"ImageObject\",\"inLanguage\":\"fr-FR\",\"@id\":\"https:\\\/\\\/www.france.fi\\\/#\\\/schema\\\/logo\\\/image\\\/\",\"url\":\"https:\\\/\\\/www.france.fi\\\/wp-content\\\/uploads\\\/2024\\\/02\\\/if-logo-1.png\",\"contentUrl\":\"https:\\\/\\\/www.france.fi\\\/wp-content\\\/uploads\\\/2024\\\/02\\\/if-logo-1.png\",\"width\":687,\"height\":459,\"caption\":\"Institut fran\u00e7ais de Finlande\"},\"image\":{\"@id\":\"https:\\\/\\\/www.france.fi\\\/#\\\/schema\\\/logo\\\/image\\\/\"},\"sameAs\":[\"https:\\\/\\\/www.facebook.com\\\/institutfrancaisfi\",\"https:\\\/\\\/x.com\\\/IFFinlande\",\"https:\\\/\\\/www.instagram.com\\\/iffinlande\\\/\",\"https:\\\/\\\/fr.linkedin.com\\\/organization-guest\\\/company\\\/institut-fran-ais-de-finlande\",\"https:\\\/\\\/www.youtube.com\\\/channel\\\/UCHAitdpmSbeP78eL49XMotA\"]},{\"@type\":\"Person\",\"@id\":\"https:\\\/\\\/www.france.fi\\\/#\\\/schema\\\/person\\\/ed873f29db1d0af6a3600d15d3b65bfd\",\"name\":\"Equipe IFF\",\"image\":{\"@type\":\"ImageObject\",\"inLanguage\":\"fr-FR\",\"@id\":\"https:\\\/\\\/secure.gravatar.com\\\/avatar\\\/3c4ba80228d01014b25e45e90abb28ce315a02c6572751a7fb2298e4274989fc?s=96&d=mm&r=g\",\"url\":\"https:\\\/\\\/secure.gravatar.com\\\/avatar\\\/3c4ba80228d01014b25e45e90abb28ce315a02c6572751a7fb2298e4274989fc?s=96&d=mm&r=g\",\"contentUrl\":\"https:\\\/\\\/secure.gravatar.com\\\/avatar\\\/3c4ba80228d01014b25e45e90abb28ce315a02c6572751a7fb2298e4274989fc?s=96&d=mm&r=g\",\"caption\":\"Equipe IFF\"},\"url\":\"https:\\\/\\\/www.france.fi\\\/fr\\\/author\\\/iffadmin\\\/\"}]}<\/script>\n<!-- \/ Yoast SEO plugin. -->","yoast_head_json":{"title":"Le jour de l\u2019Europe, un speak-dating de lyc\u00e9ens fran\u00e7ais et finlandais - Institut fran\u00e7ais","robots":{"index":"index","follow":"follow","max-snippet":"max-snippet:-1","max-image-preview":"max-image-preview:large","max-video-preview":"max-video-preview:-1"},"canonical":"https:\/\/www.france.fi\/fr\/langue-francaise\/le-jour-de-leurope-un-speak-dating-de-lyceens-francais-et-finlandais\/","og_locale":"fr_FR","og_type":"article","og_title":"Le jour de l\u2019Europe, un speak-dating de lyc\u00e9ens fran\u00e7ais et finlandais - Institut fran\u00e7ais","og_description":"Pour la journ\u00e9e de l\u2019Europe, l\u2019Institut fran\u00e7ais de Finlande, l\u2019association des professeurs de fran\u00e7ais de Finlande et la DREIC de l\u2019Acad\u00e9mie de Bretagne proposent \u00e0 des lyc\u00e9ens finlandais et fran\u00e7ais de se rencontrer en ligne !","og_url":"https:\/\/www.france.fi\/fr\/langue-francaise\/le-jour-de-leurope-un-speak-dating-de-lyceens-francais-et-finlandais\/","og_site_name":"Institut fran\u00e7ais","article_publisher":"https:\/\/www.facebook.com\/institutfrancaisfi","article_published_time":"2022-04-13T12:49:11+00:00","article_modified_time":"2022-06-01T08:31:31+00:00","og_image":[{"width":1920,"height":1080,"url":"https:\/\/www.france.fi\/wp-content\/uploads\/2022\/04\/euro-1098x617.jpg","type":"image\/jpeg"}],"author":"Equipe IFF","twitter_card":"summary_large_image","twitter_creator":"@IFFinlande","twitter_site":"@IFFinlande","twitter_misc":{"\u00c9crit par":"Equipe IFF","Dur\u00e9e de lecture estim\u00e9e":"1 minute"},"schema":{"@context":"https:\/\/schema.org","@graph":[{"@type":"Article","@id":"https:\/\/www.france.fi\/fr\/langue-francaise\/le-jour-de-leurope-un-speak-dating-de-lyceens-francais-et-finlandais\/#article","isPartOf":{"@id":"https:\/\/www.france.fi\/fr\/langue-francaise\/le-jour-de-leurope-un-speak-dating-de-lyceens-francais-et-finlandais\/"},"author":{"name":"Equipe IFF","@id":"https:\/\/www.france.fi\/#\/schema\/person\/ed873f29db1d0af6a3600d15d3b65bfd"},"headline":"Le jour de l\u2019Europe, un speak-dating de lyc\u00e9ens fran\u00e7ais et finlandais","datePublished":"2022-04-13T12:49:11+00:00","dateModified":"2022-06-01T08:31:31+00:00","mainEntityOfPage":{"@id":"https:\/\/www.france.fi\/fr\/langue-francaise\/le-jour-de-leurope-un-speak-dating-de-lyceens-francais-et-finlandais\/"},"wordCount":240,"publisher":{"@id":"https:\/\/www.france.fi\/#organization"},"image":{"@id":"https:\/\/www.france.fi\/fr\/langue-francaise\/le-jour-de-leurope-un-speak-dating-de-lyceens-francais-et-finlandais\/#primaryimage"},"thumbnailUrl":"https:\/\/www.france.fi\/wp-content\/uploads\/2022\/04\/euro-1280x720.jpg","articleSection":["Langue fran\u00e7aise"],"inLanguage":"fr-FR"},{"@type":"WebPage","@id":"https:\/\/www.france.fi\/fr\/langue-francaise\/le-jour-de-leurope-un-speak-dating-de-lyceens-francais-et-finlandais\/","url":"https:\/\/www.france.fi\/fr\/langue-francaise\/le-jour-de-leurope-un-speak-dating-de-lyceens-francais-et-finlandais\/","name":"Le jour de l\u2019Europe, un speak-dating de lyc\u00e9ens fran\u00e7ais et finlandais - Institut fran\u00e7ais","isPartOf":{"@id":"https:\/\/www.france.fi\/#website"},"primaryImageOfPage":{"@id":"https:\/\/www.france.fi\/fr\/langue-francaise\/le-jour-de-leurope-un-speak-dating-de-lyceens-francais-et-finlandais\/#primaryimage"},"image":{"@id":"https:\/\/www.france.fi\/fr\/langue-francaise\/le-jour-de-leurope-un-speak-dating-de-lyceens-francais-et-finlandais\/#primaryimage"},"thumbnailUrl":"https:\/\/www.france.fi\/wp-content\/uploads\/2022\/04\/euro-1280x720.jpg","datePublished":"2022-04-13T12:49:11+00:00","dateModified":"2022-06-01T08:31:31+00:00","breadcrumb":{"@id":"https:\/\/www.france.fi\/fr\/langue-francaise\/le-jour-de-leurope-un-speak-dating-de-lyceens-francais-et-finlandais\/#breadcrumb"},"inLanguage":"fr-FR","potentialAction":[{"@type":"ReadAction","target":["https:\/\/www.france.fi\/fr\/langue-francaise\/le-jour-de-leurope-un-speak-dating-de-lyceens-francais-et-finlandais\/"]}]},{"@type":"ImageObject","inLanguage":"fr-FR","@id":"https:\/\/www.france.fi\/fr\/langue-francaise\/le-jour-de-leurope-un-speak-dating-de-lyceens-francais-et-finlandais\/#primaryimage","url":"https:\/\/www.france.fi\/wp-content\/uploads\/2022\/04\/euro-1280x720.jpg","contentUrl":"https:\/\/www.france.fi\/wp-content\/uploads\/2022\/04\/euro-1280x720.jpg","width":1920,"height":1080},{"@type":"BreadcrumbList","@id":"https:\/\/www.france.fi\/fr\/langue-francaise\/le-jour-de-leurope-un-speak-dating-de-lyceens-francais-et-finlandais\/#breadcrumb","itemListElement":[{"@type":"ListItem","position":1,"name":"Home","item":"https:\/\/www.france.fi\/fr\/"},{"@type":"ListItem","position":2,"name":"Langue fran\u00e7aise","item":"https:\/\/www.france.fi\/fr\/category\/langue-francaise\/"},{"@type":"ListItem","position":3,"name":"Le jour de l\u2019Europe, un speak-dating de lyc\u00e9ens fran\u00e7ais et finlandais"}]},{"@type":"WebSite","@id":"https:\/\/www.france.fi\/#website","url":"https:\/\/www.france.fi\/","name":"Institut fran\u00e7ais de Finlande","description":"","publisher":{"@id":"https:\/\/www.france.fi\/#organization"},"potentialAction":[{"@type":"SearchAction","target":{"@type":"EntryPoint","urlTemplate":"https:\/\/www.france.fi\/?s={search_term_string}"},"query-input":{"@type":"PropertyValueSpecification","valueRequired":true,"valueName":"search_term_string"}}],"inLanguage":"fr-FR"},{"@type":"Organization","@id":"https:\/\/www.france.fi\/#organization","name":"Institut fran\u00e7ais de Finlande","url":"https:\/\/www.france.fi\/","logo":{"@type":"ImageObject","inLanguage":"fr-FR","@id":"https:\/\/www.france.fi\/#\/schema\/logo\/image\/","url":"https:\/\/www.france.fi\/wp-content\/uploads\/2024\/02\/if-logo-1.png","contentUrl":"https:\/\/www.france.fi\/wp-content\/uploads\/2024\/02\/if-logo-1.png","width":687,"height":459,"caption":"Institut fran\u00e7ais de Finlande"},"image":{"@id":"https:\/\/www.france.fi\/#\/schema\/logo\/image\/"},"sameAs":["https:\/\/www.facebook.com\/institutfrancaisfi","https:\/\/x.com\/IFFinlande","https:\/\/www.instagram.com\/iffinlande\/","https:\/\/fr.linkedin.com\/organization-guest\/company\/institut-fran-ais-de-finlande","https:\/\/www.youtube.com\/channel\/UCHAitdpmSbeP78eL49XMotA"]},{"@type":"Person","@id":"https:\/\/www.france.fi\/#\/schema\/person\/ed873f29db1d0af6a3600d15d3b65bfd","name":"Equipe IFF","image":{"@type":"ImageObject","inLanguage":"fr-FR","@id":"https:\/\/secure.gravatar.com\/avatar\/3c4ba80228d01014b25e45e90abb28ce315a02c6572751a7fb2298e4274989fc?s=96&d=mm&r=g","url":"https:\/\/secure.gravatar.com\/avatar\/3c4ba80228d01014b25e45e90abb28ce315a02c6572751a7fb2298e4274989fc?s=96&d=mm&r=g","contentUrl":"https:\/\/secure.gravatar.com\/avatar\/3c4ba80228d01014b25e45e90abb28ce315a02c6572751a7fb2298e4274989fc?s=96&d=mm&r=g","caption":"Equipe IFF"},"url":"https:\/\/www.france.fi\/fr\/author\/iffadmin\/"}]}},"_links":{"self":[{"href":"https:\/\/www.france.fi\/fr\/wp-json\/wp\/v2\/posts\/9131","targetHints":{"allow":["GET"]}}],"collection":[{"href":"https:\/\/www.france.fi\/fr\/wp-json\/wp\/v2\/posts"}],"about":[{"href":"https:\/\/www.france.fi\/fr\/wp-json\/wp\/v2\/types\/post"}],"author":[{"embeddable":true,"href":"https:\/\/www.france.fi\/fr\/wp-json\/wp\/v2\/users\/2"}],"replies":[{"embeddable":true,"href":"https:\/\/www.france.fi\/fr\/wp-json\/wp\/v2\/comments?post=9131"}],"version-history":[{"count":0,"href":"https:\/\/www.france.fi\/fr\/wp-json\/wp\/v2\/posts\/9131\/revisions"}],"wp:featuredmedia":[{"embeddable":true,"href":"https:\/\/www.france.fi\/fr\/wp-json\/wp\/v2\/media\/9136"}],"wp:attachment":[{"href":"https:\/\/www.france.fi\/fr\/wp-json\/wp\/v2\/media?parent=9131"}],"wp:term":[{"taxonomy":"category","embeddable":true,"href":"https:\/\/www.france.fi\/fr\/wp-json\/wp\/v2\/categories?post=9131"},{"taxonomy":"post_tag","embeddable":true,"href":"https:\/\/www.france.fi\/fr\/wp-json\/wp\/v2\/tags?post=9131"}],"curies":[{"name":"wp","href":"https:\/\/api.w.org\/{rel}","templated":true}]}}