{"id":9143,"date":"2022-04-14T12:38:17","date_gmt":"2022-04-14T09:38:17","guid":{"rendered":"http:\/\/www.france.fi\/?p=9143"},"modified":"2022-05-31T13:20:03","modified_gmt":"2022-05-31T10:20:03","slug":"conference-sur-leconomie-circulaire-france-finlande","status":"publish","type":"post","link":"https:\/\/www.france.fi\/fr\/sciences-et-universites\/conference-sur-leconomie-circulaire-france-finlande\/","title":{"rendered":"Conf\u00e9rence sur l\u2019\u00e9conomie circulaire France-Finlande"},"content":{"rendered":"\n<p>Pourquoi avons-nous besoin d\u2019instaurer un nouveau paradigme sur l\u2019\u00e9conomie circulaire en Europe\u00a0? Comment des approches \u00e0 la fois holistique, interdisciplinaires et intersectorielles peuvent contribuer \u00e0 r\u00e9soudre des d\u00e9fis mondiaux sur la durabilit\u00e9\u00a0? Comment les entreprises et les territoires peuvent contribuer \u00e0 refermer la boucle ? Comment les connaissances locales, traditionnelles et indig\u00e8nes peuvent nous aider \u00e0 construire une soci\u00e9t\u00e9 r\u00e9siliente fond\u00e9e sur la coop\u00e9ration et la r\u00e9ciprocit\u00e9\u00a0? Cet \u00e9v\u00e8nement r\u00e9unit des intervenants et experts fran\u00e7ais et finlandais sur l\u2019\u00e9conomie circulaire et le d\u00e9veloppement durable, issus de secteurs et de disciplines de recherche vari\u00e9s.<\/p>\n<p>L\u2019\u00e9v\u00e8nement est organis\u00e9 par l\u2019ambassade de France en Finlande, l\u2019Institut fran\u00e7ais en Finlande, le CERDI (CNRS\/UCA), Centre d\u2019excellence Jean Monnet et le fonds d\u2019innovation finlandais Sitra. Il se tiendra en anglais<\/p>\n<p>La conf\u00e9rence sera introduite par <strong>Agn\u00e8s Cukierman,<\/strong> Ambassadeur de France en Finlande, <strong>Emma Kari<\/strong> ministre de l\u2019Environnement et du Changement climatique de Finlande et <strong>Petri Peltonen<\/strong> Sous-secr\u00e9taire d\u2019\u00e9tat au minist\u00e8re de l\u2019\u00e9conomie et de l\u2019emploi de Finlande.<\/p>\n<p>L\u2019intervention inaugurale sera prononc\u00e9e par <strong>Mathieu Leporini<\/strong>, chercheur au centre d\u2019excellence Jean Monnet sur le d\u00e9veloppement durable, et aura pour th\u00e8me \u00ab\u00a0<strong><em>D\u2019une \u00e9conomie circulaire \u00e0 une soci\u00e9t\u00e9 circulaire\u00a0: une approche holistique pour une \u00e9conomie durable et r\u00e9siliente<\/em><\/strong>\u00a0\u00bb.<\/p>\n<h5><strong>Son intervention sera suivie d\u2019une table ronde avec les invit\u00e9s :<\/strong><\/h5>\n<p><strong>Kari Herlevi<\/strong>, directeur de projets sur l\u2019\u00e9conomie circulaire au fond d\u2019innovation finlandais SITRA<br \/><strong>Susanna Lehv\u00e4virta<\/strong>, directrice de recherche \u00e0 l\u2019Institute of Sustainability Science \u2013 Universit\u00e9 de Helsinki<br \/><strong>Petrus Kautto<\/strong> est directeur du programme \u00c9conomie circulaire et durable de l\u2019Institut Finlandais de l\u2019Environnement Syke<br \/><strong>Saara Alakorva<\/strong> et <strong>Teemu Loikkanen<\/strong> sont deux chercheurs de l\u2019Universit\u00e9 de Lapland, sp\u00e9cialistes de la culture Sami.<br \/><strong>Mira Jarkko<\/strong>, est chef de projet sur l\u2019\u00e9conomie circulaire \u00e0 la ville d\u2019Helsinki<br \/><strong>Anne Kaiser<\/strong> est responsable du d\u00e9veloppement durable \u00e0 Saint-Gobain Finland Oy<\/p>\n<p>La discussion sera mod\u00e9r\u00e9e par <strong>Johanna Kohl<\/strong>, directrice de programme sur la bio\u00e9conomie circulaire de l\u2019Institut des Ressources naturelles de Finlande Luke.<\/p>\n<p>Le programme est disponible <strong><a href=\"http:\/\/www.france.fi\/wp-content\/uploads\/2022\/04\/Circular-economy-france-finland-s.pdf\" target=\"_blank\" rel=\"noopener\">ici<\/a><\/strong><\/p>\n<p>Cette conf\u00e9rence est un \u00e9v\u00e9nement <strong><a href=\"https:\/\/www.sitra.fi\/en\/articles\/wcef-side-events-in-2022\/\" target=\"_blank\" rel=\"noopener\">World Circular Economy Forum Side event<\/a><\/strong><\/p>\n<p>L\u2019entr\u00e9e est libre mais en raison du nombre limit\u00e9 de places, merci de bien vouloir vous inscrire \u00e0 l\u2019avance.<\/p>\n<p><div class=\"rve\" data-content-width=\"580\"><iframe loading=\"lazy\" title=\"The FRANCE FINLAND CONFERENCE on the circular economy\" width=\"580\" height=\"326\" src=\"https:\/\/www.youtube.com\/embed\/Z5ksctN7t28?feature=oembed\" frameborder=\"0\" allow=\"accelerometer; autoplay; clipboard-write; encrypted-media; gyroscope; picture-in-picture; web-share\" referrerpolicy=\"strict-origin-when-cross-origin\" allowfullscreen><\/iframe><\/div><!-- Responsive Video Embeds plugin by www.kevinleary.net --><\/p>\n","protected":false},"excerpt":{"rendered":"<p>D&rsquo;une \u00e9conomie circulaire \u00e0 une soci\u00e9t\u00e9 circulaire : une approche holistique vers une \u00e9conomie r\u00e9siliente et durable<\/p>\n","protected":false},"author":2,"featured_media":9197,"comment_status":"closed","ping_status":"open","sticky":false,"template":"","format":"standard","meta":{"footnotes":""},"categories":[4],"tags":[],"class_list":["post-9143","post","type-post","status-publish","format-standard","has-post-thumbnail","hentry","category-sciences-et-universites"],"yoast_head":"<!-- This site is optimized with the Yoast SEO plugin v27.4 - https:\/\/yoast.com\/product\/yoast-seo-wordpress\/ -->\n<title>Conf\u00e9rence sur l\u2019\u00e9conomie circulaire France-Finlande - Institut fran\u00e7ais<\/title>\n<meta name=\"robots\" content=\"index, follow, max-snippet:-1, max-image-preview:large, max-video-preview:-1\" \/>\n<link rel=\"canonical\" href=\"https:\/\/www.france.fi\/fr\/sciences-et-universites\/conference-sur-leconomie-circulaire-france-finlande\/\" \/>\n<meta property=\"og:locale\" content=\"fr_FR\" \/>\n<meta property=\"og:type\" content=\"article\" \/>\n<meta property=\"og:title\" content=\"Conf\u00e9rence sur l\u2019\u00e9conomie circulaire France-Finlande - Institut fran\u00e7ais\" \/>\n<meta property=\"og:description\" content=\"D&#039;une \u00e9conomie circulaire \u00e0 une soci\u00e9t\u00e9 circulaire : une approche holistique vers une \u00e9conomie r\u00e9siliente et durable\" \/>\n<meta property=\"og:url\" content=\"https:\/\/www.france.fi\/fr\/sciences-et-universites\/conference-sur-leconomie-circulaire-france-finlande\/\" \/>\n<meta property=\"og:site_name\" content=\"Institut fran\u00e7ais\" \/>\n<meta property=\"article:publisher\" content=\"https:\/\/www.facebook.com\/institutfrancaisfi\" \/>\n<meta property=\"article:published_time\" content=\"2022-04-14T09:38:17+00:00\" \/>\n<meta property=\"article:modified_time\" content=\"2022-05-31T10:20:03+00:00\" \/>\n<meta property=\"og:image\" content=\"https:\/\/www.france.fi\/wp-content\/uploads\/2022\/04\/circular-economy-1098x617.jpg\" \/>\n\t<meta property=\"og:image:width\" content=\"1920\" \/>\n\t<meta property=\"og:image:height\" content=\"1080\" \/>\n\t<meta property=\"og:image:type\" content=\"image\/jpeg\" \/>\n<meta name=\"author\" content=\"Equipe IFF\" \/>\n<meta name=\"twitter:card\" content=\"summary_large_image\" \/>\n<meta name=\"twitter:creator\" content=\"@IFFinlande\" \/>\n<meta name=\"twitter:site\" content=\"@IFFinlande\" \/>\n<meta name=\"twitter:label1\" content=\"\u00c9crit par\" \/>\n\t<meta name=\"twitter:data1\" content=\"Equipe IFF\" \/>\n\t<meta name=\"twitter:label2\" content=\"Dur\u00e9e de lecture estim\u00e9e\" \/>\n\t<meta name=\"twitter:data2\" content=\"2 minutes\" \/>\n<script type=\"application\/ld+json\" class=\"yoast-schema-graph\">{\"@context\":\"https:\\\/\\\/schema.org\",\"@graph\":[{\"@type\":\"Article\",\"@id\":\"https:\\\/\\\/www.france.fi\\\/fr\\\/sciences-et-universites\\\/conference-sur-leconomie-circulaire-france-finlande\\\/#article\",\"isPartOf\":{\"@id\":\"https:\\\/\\\/www.france.fi\\\/fr\\\/sciences-et-universites\\\/conference-sur-leconomie-circulaire-france-finlande\\\/\"},\"author\":{\"name\":\"Equipe IFF\",\"@id\":\"https:\\\/\\\/www.france.fi\\\/#\\\/schema\\\/person\\\/ed873f29db1d0af6a3600d15d3b65bfd\"},\"headline\":\"Conf\u00e9rence sur l\u2019\u00e9conomie circulaire France-Finlande\",\"datePublished\":\"2022-04-14T09:38:17+00:00\",\"dateModified\":\"2022-05-31T10:20:03+00:00\",\"mainEntityOfPage\":{\"@id\":\"https:\\\/\\\/www.france.fi\\\/fr\\\/sciences-et-universites\\\/conference-sur-leconomie-circulaire-france-finlande\\\/\"},\"wordCount\":413,\"publisher\":{\"@id\":\"https:\\\/\\\/www.france.fi\\\/#organization\"},\"image\":{\"@id\":\"https:\\\/\\\/www.france.fi\\\/fr\\\/sciences-et-universites\\\/conference-sur-leconomie-circulaire-france-finlande\\\/#primaryimage\"},\"thumbnailUrl\":\"https:\\\/\\\/www.france.fi\\\/wp-content\\\/uploads\\\/2022\\\/04\\\/circular-economy-1280x720.jpg\",\"articleSection\":[\"Sciences et universit\u00e9s\"],\"inLanguage\":\"fr-FR\"},{\"@type\":\"WebPage\",\"@id\":\"https:\\\/\\\/www.france.fi\\\/fr\\\/sciences-et-universites\\\/conference-sur-leconomie-circulaire-france-finlande\\\/\",\"url\":\"https:\\\/\\\/www.france.fi\\\/fr\\\/sciences-et-universites\\\/conference-sur-leconomie-circulaire-france-finlande\\\/\",\"name\":\"Conf\u00e9rence sur l\u2019\u00e9conomie circulaire France-Finlande - Institut fran\u00e7ais\",\"isPartOf\":{\"@id\":\"https:\\\/\\\/www.france.fi\\\/#website\"},\"primaryImageOfPage\":{\"@id\":\"https:\\\/\\\/www.france.fi\\\/fr\\\/sciences-et-universites\\\/conference-sur-leconomie-circulaire-france-finlande\\\/#primaryimage\"},\"image\":{\"@id\":\"https:\\\/\\\/www.france.fi\\\/fr\\\/sciences-et-universites\\\/conference-sur-leconomie-circulaire-france-finlande\\\/#primaryimage\"},\"thumbnailUrl\":\"https:\\\/\\\/www.france.fi\\\/wp-content\\\/uploads\\\/2022\\\/04\\\/circular-economy-1280x720.jpg\",\"datePublished\":\"2022-04-14T09:38:17+00:00\",\"dateModified\":\"2022-05-31T10:20:03+00:00\",\"breadcrumb\":{\"@id\":\"https:\\\/\\\/www.france.fi\\\/fr\\\/sciences-et-universites\\\/conference-sur-leconomie-circulaire-france-finlande\\\/#breadcrumb\"},\"inLanguage\":\"fr-FR\",\"potentialAction\":[{\"@type\":\"ReadAction\",\"target\":[\"https:\\\/\\\/www.france.fi\\\/fr\\\/sciences-et-universites\\\/conference-sur-leconomie-circulaire-france-finlande\\\/\"]}]},{\"@type\":\"ImageObject\",\"inLanguage\":\"fr-FR\",\"@id\":\"https:\\\/\\\/www.france.fi\\\/fr\\\/sciences-et-universites\\\/conference-sur-leconomie-circulaire-france-finlande\\\/#primaryimage\",\"url\":\"https:\\\/\\\/www.france.fi\\\/wp-content\\\/uploads\\\/2022\\\/04\\\/circular-economy-1280x720.jpg\",\"contentUrl\":\"https:\\\/\\\/www.france.fi\\\/wp-content\\\/uploads\\\/2022\\\/04\\\/circular-economy-1280x720.jpg\",\"width\":1920,\"height\":1080},{\"@type\":\"BreadcrumbList\",\"@id\":\"https:\\\/\\\/www.france.fi\\\/fr\\\/sciences-et-universites\\\/conference-sur-leconomie-circulaire-france-finlande\\\/#breadcrumb\",\"itemListElement\":[{\"@type\":\"ListItem\",\"position\":1,\"name\":\"Home\",\"item\":\"https:\\\/\\\/www.france.fi\\\/fr\\\/\"},{\"@type\":\"ListItem\",\"position\":2,\"name\":\"Sciences et universit\u00e9s\",\"item\":\"https:\\\/\\\/www.france.fi\\\/fr\\\/category\\\/sciences-et-universites\\\/\"},{\"@type\":\"ListItem\",\"position\":3,\"name\":\"Conf\u00e9rence sur l\u2019\u00e9conomie circulaire France-Finlande\"}]},{\"@type\":\"WebSite\",\"@id\":\"https:\\\/\\\/www.france.fi\\\/#website\",\"url\":\"https:\\\/\\\/www.france.fi\\\/\",\"name\":\"Institut fran\u00e7ais de Finlande\",\"description\":\"\",\"publisher\":{\"@id\":\"https:\\\/\\\/www.france.fi\\\/#organization\"},\"potentialAction\":[{\"@type\":\"SearchAction\",\"target\":{\"@type\":\"EntryPoint\",\"urlTemplate\":\"https:\\\/\\\/www.france.fi\\\/?s={search_term_string}\"},\"query-input\":{\"@type\":\"PropertyValueSpecification\",\"valueRequired\":true,\"valueName\":\"search_term_string\"}}],\"inLanguage\":\"fr-FR\"},{\"@type\":\"Organization\",\"@id\":\"https:\\\/\\\/www.france.fi\\\/#organization\",\"name\":\"Institut fran\u00e7ais de Finlande\",\"url\":\"https:\\\/\\\/www.france.fi\\\/\",\"logo\":{\"@type\":\"ImageObject\",\"inLanguage\":\"fr-FR\",\"@id\":\"https:\\\/\\\/www.france.fi\\\/#\\\/schema\\\/logo\\\/image\\\/\",\"url\":\"https:\\\/\\\/www.france.fi\\\/wp-content\\\/uploads\\\/2024\\\/02\\\/if-logo-1.png\",\"contentUrl\":\"https:\\\/\\\/www.france.fi\\\/wp-content\\\/uploads\\\/2024\\\/02\\\/if-logo-1.png\",\"width\":687,\"height\":459,\"caption\":\"Institut fran\u00e7ais de Finlande\"},\"image\":{\"@id\":\"https:\\\/\\\/www.france.fi\\\/#\\\/schema\\\/logo\\\/image\\\/\"},\"sameAs\":[\"https:\\\/\\\/www.facebook.com\\\/institutfrancaisfi\",\"https:\\\/\\\/x.com\\\/IFFinlande\",\"https:\\\/\\\/www.instagram.com\\\/iffinlande\\\/\",\"https:\\\/\\\/fr.linkedin.com\\\/organization-guest\\\/company\\\/institut-fran-ais-de-finlande\",\"https:\\\/\\\/www.youtube.com\\\/channel\\\/UCHAitdpmSbeP78eL49XMotA\"]},{\"@type\":\"Person\",\"@id\":\"https:\\\/\\\/www.france.fi\\\/#\\\/schema\\\/person\\\/ed873f29db1d0af6a3600d15d3b65bfd\",\"name\":\"Equipe IFF\",\"image\":{\"@type\":\"ImageObject\",\"inLanguage\":\"fr-FR\",\"@id\":\"https:\\\/\\\/secure.gravatar.com\\\/avatar\\\/3c4ba80228d01014b25e45e90abb28ce315a02c6572751a7fb2298e4274989fc?s=96&d=mm&r=g\",\"url\":\"https:\\\/\\\/secure.gravatar.com\\\/avatar\\\/3c4ba80228d01014b25e45e90abb28ce315a02c6572751a7fb2298e4274989fc?s=96&d=mm&r=g\",\"contentUrl\":\"https:\\\/\\\/secure.gravatar.com\\\/avatar\\\/3c4ba80228d01014b25e45e90abb28ce315a02c6572751a7fb2298e4274989fc?s=96&d=mm&r=g\",\"caption\":\"Equipe IFF\"},\"url\":\"https:\\\/\\\/www.france.fi\\\/fr\\\/author\\\/iffadmin\\\/\"}]}<\/script>\n<!-- \/ Yoast SEO plugin. -->","yoast_head_json":{"title":"Conf\u00e9rence sur l\u2019\u00e9conomie circulaire France-Finlande - Institut fran\u00e7ais","robots":{"index":"index","follow":"follow","max-snippet":"max-snippet:-1","max-image-preview":"max-image-preview:large","max-video-preview":"max-video-preview:-1"},"canonical":"https:\/\/www.france.fi\/fr\/sciences-et-universites\/conference-sur-leconomie-circulaire-france-finlande\/","og_locale":"fr_FR","og_type":"article","og_title":"Conf\u00e9rence sur l\u2019\u00e9conomie circulaire France-Finlande - Institut fran\u00e7ais","og_description":"D'une \u00e9conomie circulaire \u00e0 une soci\u00e9t\u00e9 circulaire : une approche holistique vers une \u00e9conomie r\u00e9siliente et durable","og_url":"https:\/\/www.france.fi\/fr\/sciences-et-universites\/conference-sur-leconomie-circulaire-france-finlande\/","og_site_name":"Institut fran\u00e7ais","article_publisher":"https:\/\/www.facebook.com\/institutfrancaisfi","article_published_time":"2022-04-14T09:38:17+00:00","article_modified_time":"2022-05-31T10:20:03+00:00","og_image":[{"width":1920,"height":1080,"url":"https:\/\/www.france.fi\/wp-content\/uploads\/2022\/04\/circular-economy-1098x617.jpg","type":"image\/jpeg"}],"author":"Equipe IFF","twitter_card":"summary_large_image","twitter_creator":"@IFFinlande","twitter_site":"@IFFinlande","twitter_misc":{"\u00c9crit par":"Equipe IFF","Dur\u00e9e de lecture estim\u00e9e":"2 minutes"},"schema":{"@context":"https:\/\/schema.org","@graph":[{"@type":"Article","@id":"https:\/\/www.france.fi\/fr\/sciences-et-universites\/conference-sur-leconomie-circulaire-france-finlande\/#article","isPartOf":{"@id":"https:\/\/www.france.fi\/fr\/sciences-et-universites\/conference-sur-leconomie-circulaire-france-finlande\/"},"author":{"name":"Equipe IFF","@id":"https:\/\/www.france.fi\/#\/schema\/person\/ed873f29db1d0af6a3600d15d3b65bfd"},"headline":"Conf\u00e9rence sur l\u2019\u00e9conomie circulaire France-Finlande","datePublished":"2022-04-14T09:38:17+00:00","dateModified":"2022-05-31T10:20:03+00:00","mainEntityOfPage":{"@id":"https:\/\/www.france.fi\/fr\/sciences-et-universites\/conference-sur-leconomie-circulaire-france-finlande\/"},"wordCount":413,"publisher":{"@id":"https:\/\/www.france.fi\/#organization"},"image":{"@id":"https:\/\/www.france.fi\/fr\/sciences-et-universites\/conference-sur-leconomie-circulaire-france-finlande\/#primaryimage"},"thumbnailUrl":"https:\/\/www.france.fi\/wp-content\/uploads\/2022\/04\/circular-economy-1280x720.jpg","articleSection":["Sciences et universit\u00e9s"],"inLanguage":"fr-FR"},{"@type":"WebPage","@id":"https:\/\/www.france.fi\/fr\/sciences-et-universites\/conference-sur-leconomie-circulaire-france-finlande\/","url":"https:\/\/www.france.fi\/fr\/sciences-et-universites\/conference-sur-leconomie-circulaire-france-finlande\/","name":"Conf\u00e9rence sur l\u2019\u00e9conomie circulaire France-Finlande - Institut fran\u00e7ais","isPartOf":{"@id":"https:\/\/www.france.fi\/#website"},"primaryImageOfPage":{"@id":"https:\/\/www.france.fi\/fr\/sciences-et-universites\/conference-sur-leconomie-circulaire-france-finlande\/#primaryimage"},"image":{"@id":"https:\/\/www.france.fi\/fr\/sciences-et-universites\/conference-sur-leconomie-circulaire-france-finlande\/#primaryimage"},"thumbnailUrl":"https:\/\/www.france.fi\/wp-content\/uploads\/2022\/04\/circular-economy-1280x720.jpg","datePublished":"2022-04-14T09:38:17+00:00","dateModified":"2022-05-31T10:20:03+00:00","breadcrumb":{"@id":"https:\/\/www.france.fi\/fr\/sciences-et-universites\/conference-sur-leconomie-circulaire-france-finlande\/#breadcrumb"},"inLanguage":"fr-FR","potentialAction":[{"@type":"ReadAction","target":["https:\/\/www.france.fi\/fr\/sciences-et-universites\/conference-sur-leconomie-circulaire-france-finlande\/"]}]},{"@type":"ImageObject","inLanguage":"fr-FR","@id":"https:\/\/www.france.fi\/fr\/sciences-et-universites\/conference-sur-leconomie-circulaire-france-finlande\/#primaryimage","url":"https:\/\/www.france.fi\/wp-content\/uploads\/2022\/04\/circular-economy-1280x720.jpg","contentUrl":"https:\/\/www.france.fi\/wp-content\/uploads\/2022\/04\/circular-economy-1280x720.jpg","width":1920,"height":1080},{"@type":"BreadcrumbList","@id":"https:\/\/www.france.fi\/fr\/sciences-et-universites\/conference-sur-leconomie-circulaire-france-finlande\/#breadcrumb","itemListElement":[{"@type":"ListItem","position":1,"name":"Home","item":"https:\/\/www.france.fi\/fr\/"},{"@type":"ListItem","position":2,"name":"Sciences et universit\u00e9s","item":"https:\/\/www.france.fi\/fr\/category\/sciences-et-universites\/"},{"@type":"ListItem","position":3,"name":"Conf\u00e9rence sur l\u2019\u00e9conomie circulaire France-Finlande"}]},{"@type":"WebSite","@id":"https:\/\/www.france.fi\/#website","url":"https:\/\/www.france.fi\/","name":"Institut fran\u00e7ais de Finlande","description":"","publisher":{"@id":"https:\/\/www.france.fi\/#organization"},"potentialAction":[{"@type":"SearchAction","target":{"@type":"EntryPoint","urlTemplate":"https:\/\/www.france.fi\/?s={search_term_string}"},"query-input":{"@type":"PropertyValueSpecification","valueRequired":true,"valueName":"search_term_string"}}],"inLanguage":"fr-FR"},{"@type":"Organization","@id":"https:\/\/www.france.fi\/#organization","name":"Institut fran\u00e7ais de Finlande","url":"https:\/\/www.france.fi\/","logo":{"@type":"ImageObject","inLanguage":"fr-FR","@id":"https:\/\/www.france.fi\/#\/schema\/logo\/image\/","url":"https:\/\/www.france.fi\/wp-content\/uploads\/2024\/02\/if-logo-1.png","contentUrl":"https:\/\/www.france.fi\/wp-content\/uploads\/2024\/02\/if-logo-1.png","width":687,"height":459,"caption":"Institut fran\u00e7ais de Finlande"},"image":{"@id":"https:\/\/www.france.fi\/#\/schema\/logo\/image\/"},"sameAs":["https:\/\/www.facebook.com\/institutfrancaisfi","https:\/\/x.com\/IFFinlande","https:\/\/www.instagram.com\/iffinlande\/","https:\/\/fr.linkedin.com\/organization-guest\/company\/institut-fran-ais-de-finlande","https:\/\/www.youtube.com\/channel\/UCHAitdpmSbeP78eL49XMotA"]},{"@type":"Person","@id":"https:\/\/www.france.fi\/#\/schema\/person\/ed873f29db1d0af6a3600d15d3b65bfd","name":"Equipe IFF","image":{"@type":"ImageObject","inLanguage":"fr-FR","@id":"https:\/\/secure.gravatar.com\/avatar\/3c4ba80228d01014b25e45e90abb28ce315a02c6572751a7fb2298e4274989fc?s=96&d=mm&r=g","url":"https:\/\/secure.gravatar.com\/avatar\/3c4ba80228d01014b25e45e90abb28ce315a02c6572751a7fb2298e4274989fc?s=96&d=mm&r=g","contentUrl":"https:\/\/secure.gravatar.com\/avatar\/3c4ba80228d01014b25e45e90abb28ce315a02c6572751a7fb2298e4274989fc?s=96&d=mm&r=g","caption":"Equipe IFF"},"url":"https:\/\/www.france.fi\/fr\/author\/iffadmin\/"}]}},"_links":{"self":[{"href":"https:\/\/www.france.fi\/fr\/wp-json\/wp\/v2\/posts\/9143","targetHints":{"allow":["GET"]}}],"collection":[{"href":"https:\/\/www.france.fi\/fr\/wp-json\/wp\/v2\/posts"}],"about":[{"href":"https:\/\/www.france.fi\/fr\/wp-json\/wp\/v2\/types\/post"}],"author":[{"embeddable":true,"href":"https:\/\/www.france.fi\/fr\/wp-json\/wp\/v2\/users\/2"}],"replies":[{"embeddable":true,"href":"https:\/\/www.france.fi\/fr\/wp-json\/wp\/v2\/comments?post=9143"}],"version-history":[{"count":0,"href":"https:\/\/www.france.fi\/fr\/wp-json\/wp\/v2\/posts\/9143\/revisions"}],"wp:featuredmedia":[{"embeddable":true,"href":"https:\/\/www.france.fi\/fr\/wp-json\/wp\/v2\/media\/9197"}],"wp:attachment":[{"href":"https:\/\/www.france.fi\/fr\/wp-json\/wp\/v2\/media?parent=9143"}],"wp:term":[{"taxonomy":"category","embeddable":true,"href":"https:\/\/www.france.fi\/fr\/wp-json\/wp\/v2\/categories?post=9143"},{"taxonomy":"post_tag","embeddable":true,"href":"https:\/\/www.france.fi\/fr\/wp-json\/wp\/v2\/tags?post=9143"}],"curies":[{"name":"wp","href":"https:\/\/api.w.org\/{rel}","templated":true}]}}