{"id":9495,"date":"2022-05-03T14:17:58","date_gmt":"2022-05-03T11:17:58","guid":{"rendered":"http:\/\/www.france.fi\/?p=9495"},"modified":"2022-10-18T10:54:09","modified_gmt":"2022-10-18T07:54:09","slug":"camille-de-toledo-thesee-sa-vie-nouvelle-2020","status":"publish","type":"post","link":"https:\/\/www.france.fi\/fr\/mediatheque\/camille-de-toledo-thesee-sa-vie-nouvelle-2020\/","title":{"rendered":"Camille de Toledo\u00a0: Th\u00e9s\u00e9e, sa vie nouvelle (2020)"},"content":{"rendered":"\n<p><em>Th\u00e9s\u00e9e, sa vie nouvelle<\/em> (2020 \u00c9ditions Verdier)) de Camille de Toledo est disponible <strong>dans notre m\u00e9diath\u00e8que<\/strong>\u00a0! Apr\u00e8s avoir perdu coup sur coup son fr\u00e8re, sa m\u00e8re et enfin son p\u00e8re, Th\u00e9s\u00e9e d\u00e9cide de partir vers une vie nouvelle. Avec ses enfants et trois cartons d\u2019archives, il quitte Paris pour fuir le souvenir des siens et pour retisser sa vie \u00e0 Berlin. Il croit qu\u2019il va aller vers la lumi\u00e8re et la libert\u00e9 mais son pass\u00e9 va le rattraper tr\u00e8s vite.<\/p>\n<p><em>\u00ab\u00a0maintenant tout tombe et la vie est maudite\u00a0\u00bb<\/em><\/p>\n","protected":false},"excerpt":{"rendered":"<p>Recommandation de lecture<\/p>\n","protected":false},"author":2,"featured_media":9496,"comment_status":"closed","ping_status":"open","sticky":false,"template":"","format":"standard","meta":{"footnotes":""},"categories":[3],"tags":[],"class_list":["post-9495","post","type-post","status-publish","format-standard","has-post-thumbnail","hentry","category-mediatheque"],"yoast_head":"<!-- This site is optimized with the Yoast SEO plugin v27.4 - https:\/\/yoast.com\/product\/yoast-seo-wordpress\/ -->\n<title>Camille de Toledo\u00a0: Th\u00e9s\u00e9e, sa vie nouvelle (2020) - Institut fran\u00e7ais<\/title>\n<meta name=\"robots\" content=\"index, follow, max-snippet:-1, max-image-preview:large, max-video-preview:-1\" \/>\n<link rel=\"canonical\" href=\"https:\/\/www.france.fi\/fr\/mediatheque\/camille-de-toledo-thesee-sa-vie-nouvelle-2020\/\" \/>\n<meta property=\"og:locale\" content=\"fr_FR\" \/>\n<meta property=\"og:type\" content=\"article\" \/>\n<meta property=\"og:title\" content=\"Camille de Toledo\u00a0: Th\u00e9s\u00e9e, sa vie nouvelle (2020) - Institut fran\u00e7ais\" \/>\n<meta property=\"og:description\" content=\"Recommandation de lecture\" \/>\n<meta property=\"og:url\" content=\"https:\/\/www.france.fi\/fr\/mediatheque\/camille-de-toledo-thesee-sa-vie-nouvelle-2020\/\" \/>\n<meta property=\"og:site_name\" content=\"Institut fran\u00e7ais\" \/>\n<meta property=\"article:publisher\" content=\"https:\/\/www.facebook.com\/institutfrancaisfi\" \/>\n<meta property=\"article:published_time\" content=\"2022-05-03T11:17:58+00:00\" \/>\n<meta property=\"article:modified_time\" content=\"2022-10-18T07:54:09+00:00\" \/>\n<meta property=\"og:image\" content=\"https:\/\/www.france.fi\/wp-content\/uploads\/2022\/05\/Thesee-1098x617.jpg\" \/>\n\t<meta property=\"og:image:width\" content=\"1280\" \/>\n\t<meta property=\"og:image:height\" content=\"720\" \/>\n\t<meta property=\"og:image:type\" content=\"image\/jpeg\" \/>\n<meta name=\"author\" content=\"Equipe IFF\" \/>\n<meta name=\"twitter:card\" content=\"summary_large_image\" \/>\n<meta name=\"twitter:creator\" content=\"@IFFinlande\" \/>\n<meta name=\"twitter:site\" content=\"@IFFinlande\" \/>\n<meta name=\"twitter:label1\" content=\"\u00c9crit par\" \/>\n\t<meta name=\"twitter:data1\" content=\"Equipe IFF\" \/>\n<script type=\"application\/ld+json\" class=\"yoast-schema-graph\">{\"@context\":\"https:\\\/\\\/schema.org\",\"@graph\":[{\"@type\":\"Article\",\"@id\":\"https:\\\/\\\/www.france.fi\\\/fr\\\/mediatheque\\\/camille-de-toledo-thesee-sa-vie-nouvelle-2020\\\/#article\",\"isPartOf\":{\"@id\":\"https:\\\/\\\/www.france.fi\\\/fr\\\/mediatheque\\\/camille-de-toledo-thesee-sa-vie-nouvelle-2020\\\/\"},\"author\":{\"name\":\"Equipe IFF\",\"@id\":\"https:\\\/\\\/www.france.fi\\\/#\\\/schema\\\/person\\\/ed873f29db1d0af6a3600d15d3b65bfd\"},\"headline\":\"Camille de Toledo\u00a0: Th\u00e9s\u00e9e, sa vie nouvelle (2020)\",\"datePublished\":\"2022-05-03T11:17:58+00:00\",\"dateModified\":\"2022-10-18T07:54:09+00:00\",\"mainEntityOfPage\":{\"@id\":\"https:\\\/\\\/www.france.fi\\\/fr\\\/mediatheque\\\/camille-de-toledo-thesee-sa-vie-nouvelle-2020\\\/\"},\"wordCount\":110,\"publisher\":{\"@id\":\"https:\\\/\\\/www.france.fi\\\/#organization\"},\"image\":{\"@id\":\"https:\\\/\\\/www.france.fi\\\/fr\\\/mediatheque\\\/camille-de-toledo-thesee-sa-vie-nouvelle-2020\\\/#primaryimage\"},\"thumbnailUrl\":\"https:\\\/\\\/www.france.fi\\\/wp-content\\\/uploads\\\/2022\\\/05\\\/Thesee-1098x617.jpg\",\"articleSection\":[\"M\u00e9diath\u00e8que\"],\"inLanguage\":\"fr-FR\"},{\"@type\":\"WebPage\",\"@id\":\"https:\\\/\\\/www.france.fi\\\/fr\\\/mediatheque\\\/camille-de-toledo-thesee-sa-vie-nouvelle-2020\\\/\",\"url\":\"https:\\\/\\\/www.france.fi\\\/fr\\\/mediatheque\\\/camille-de-toledo-thesee-sa-vie-nouvelle-2020\\\/\",\"name\":\"Camille de Toledo\u00a0: Th\u00e9s\u00e9e, sa vie nouvelle (2020) - Institut fran\u00e7ais\",\"isPartOf\":{\"@id\":\"https:\\\/\\\/www.france.fi\\\/#website\"},\"primaryImageOfPage\":{\"@id\":\"https:\\\/\\\/www.france.fi\\\/fr\\\/mediatheque\\\/camille-de-toledo-thesee-sa-vie-nouvelle-2020\\\/#primaryimage\"},\"image\":{\"@id\":\"https:\\\/\\\/www.france.fi\\\/fr\\\/mediatheque\\\/camille-de-toledo-thesee-sa-vie-nouvelle-2020\\\/#primaryimage\"},\"thumbnailUrl\":\"https:\\\/\\\/www.france.fi\\\/wp-content\\\/uploads\\\/2022\\\/05\\\/Thesee-1098x617.jpg\",\"datePublished\":\"2022-05-03T11:17:58+00:00\",\"dateModified\":\"2022-10-18T07:54:09+00:00\",\"breadcrumb\":{\"@id\":\"https:\\\/\\\/www.france.fi\\\/fr\\\/mediatheque\\\/camille-de-toledo-thesee-sa-vie-nouvelle-2020\\\/#breadcrumb\"},\"inLanguage\":\"fr-FR\",\"potentialAction\":[{\"@type\":\"ReadAction\",\"target\":[\"https:\\\/\\\/www.france.fi\\\/fr\\\/mediatheque\\\/camille-de-toledo-thesee-sa-vie-nouvelle-2020\\\/\"]}]},{\"@type\":\"ImageObject\",\"inLanguage\":\"fr-FR\",\"@id\":\"https:\\\/\\\/www.france.fi\\\/fr\\\/mediatheque\\\/camille-de-toledo-thesee-sa-vie-nouvelle-2020\\\/#primaryimage\",\"url\":\"https:\\\/\\\/www.france.fi\\\/wp-content\\\/uploads\\\/2022\\\/05\\\/Thesee-1098x617.jpg\",\"contentUrl\":\"https:\\\/\\\/www.france.fi\\\/wp-content\\\/uploads\\\/2022\\\/05\\\/Thesee-1098x617.jpg\",\"width\":1280,\"height\":720},{\"@type\":\"BreadcrumbList\",\"@id\":\"https:\\\/\\\/www.france.fi\\\/fr\\\/mediatheque\\\/camille-de-toledo-thesee-sa-vie-nouvelle-2020\\\/#breadcrumb\",\"itemListElement\":[{\"@type\":\"ListItem\",\"position\":1,\"name\":\"Home\",\"item\":\"https:\\\/\\\/www.france.fi\\\/fr\\\/\"},{\"@type\":\"ListItem\",\"position\":2,\"name\":\"M\u00e9diath\u00e8que\",\"item\":\"https:\\\/\\\/www.france.fi\\\/fr\\\/category\\\/mediatheque\\\/\"},{\"@type\":\"ListItem\",\"position\":3,\"name\":\"Camille de Toledo\u00a0: Th\u00e9s\u00e9e, sa vie nouvelle (2020)\"}]},{\"@type\":\"WebSite\",\"@id\":\"https:\\\/\\\/www.france.fi\\\/#website\",\"url\":\"https:\\\/\\\/www.france.fi\\\/\",\"name\":\"Institut fran\u00e7ais de Finlande\",\"description\":\"\",\"publisher\":{\"@id\":\"https:\\\/\\\/www.france.fi\\\/#organization\"},\"potentialAction\":[{\"@type\":\"SearchAction\",\"target\":{\"@type\":\"EntryPoint\",\"urlTemplate\":\"https:\\\/\\\/www.france.fi\\\/?s={search_term_string}\"},\"query-input\":{\"@type\":\"PropertyValueSpecification\",\"valueRequired\":true,\"valueName\":\"search_term_string\"}}],\"inLanguage\":\"fr-FR\"},{\"@type\":\"Organization\",\"@id\":\"https:\\\/\\\/www.france.fi\\\/#organization\",\"name\":\"Institut fran\u00e7ais de Finlande\",\"url\":\"https:\\\/\\\/www.france.fi\\\/\",\"logo\":{\"@type\":\"ImageObject\",\"inLanguage\":\"fr-FR\",\"@id\":\"https:\\\/\\\/www.france.fi\\\/#\\\/schema\\\/logo\\\/image\\\/\",\"url\":\"https:\\\/\\\/www.france.fi\\\/wp-content\\\/uploads\\\/2024\\\/02\\\/if-logo-1.png\",\"contentUrl\":\"https:\\\/\\\/www.france.fi\\\/wp-content\\\/uploads\\\/2024\\\/02\\\/if-logo-1.png\",\"width\":687,\"height\":459,\"caption\":\"Institut fran\u00e7ais de Finlande\"},\"image\":{\"@id\":\"https:\\\/\\\/www.france.fi\\\/#\\\/schema\\\/logo\\\/image\\\/\"},\"sameAs\":[\"https:\\\/\\\/www.facebook.com\\\/institutfrancaisfi\",\"https:\\\/\\\/x.com\\\/IFFinlande\",\"https:\\\/\\\/www.instagram.com\\\/iffinlande\\\/\",\"https:\\\/\\\/fr.linkedin.com\\\/organization-guest\\\/company\\\/institut-fran-ais-de-finlande\",\"https:\\\/\\\/www.youtube.com\\\/channel\\\/UCHAitdpmSbeP78eL49XMotA\"]},{\"@type\":\"Person\",\"@id\":\"https:\\\/\\\/www.france.fi\\\/#\\\/schema\\\/person\\\/ed873f29db1d0af6a3600d15d3b65bfd\",\"name\":\"Equipe IFF\",\"image\":{\"@type\":\"ImageObject\",\"inLanguage\":\"fr-FR\",\"@id\":\"https:\\\/\\\/secure.gravatar.com\\\/avatar\\\/3c4ba80228d01014b25e45e90abb28ce315a02c6572751a7fb2298e4274989fc?s=96&d=mm&r=g\",\"url\":\"https:\\\/\\\/secure.gravatar.com\\\/avatar\\\/3c4ba80228d01014b25e45e90abb28ce315a02c6572751a7fb2298e4274989fc?s=96&d=mm&r=g\",\"contentUrl\":\"https:\\\/\\\/secure.gravatar.com\\\/avatar\\\/3c4ba80228d01014b25e45e90abb28ce315a02c6572751a7fb2298e4274989fc?s=96&d=mm&r=g\",\"caption\":\"Equipe IFF\"},\"url\":\"https:\\\/\\\/www.france.fi\\\/fr\\\/author\\\/iffadmin\\\/\"}]}<\/script>\n<!-- \/ Yoast SEO plugin. -->","yoast_head_json":{"title":"Camille de Toledo\u00a0: Th\u00e9s\u00e9e, sa vie nouvelle (2020) - Institut fran\u00e7ais","robots":{"index":"index","follow":"follow","max-snippet":"max-snippet:-1","max-image-preview":"max-image-preview:large","max-video-preview":"max-video-preview:-1"},"canonical":"https:\/\/www.france.fi\/fr\/mediatheque\/camille-de-toledo-thesee-sa-vie-nouvelle-2020\/","og_locale":"fr_FR","og_type":"article","og_title":"Camille de Toledo\u00a0: Th\u00e9s\u00e9e, sa vie nouvelle (2020) - Institut fran\u00e7ais","og_description":"Recommandation de lecture","og_url":"https:\/\/www.france.fi\/fr\/mediatheque\/camille-de-toledo-thesee-sa-vie-nouvelle-2020\/","og_site_name":"Institut fran\u00e7ais","article_publisher":"https:\/\/www.facebook.com\/institutfrancaisfi","article_published_time":"2022-05-03T11:17:58+00:00","article_modified_time":"2022-10-18T07:54:09+00:00","og_image":[{"width":1280,"height":720,"url":"https:\/\/www.france.fi\/wp-content\/uploads\/2022\/05\/Thesee-1098x617.jpg","type":"image\/jpeg"}],"author":"Equipe IFF","twitter_card":"summary_large_image","twitter_creator":"@IFFinlande","twitter_site":"@IFFinlande","twitter_misc":{"\u00c9crit par":"Equipe IFF"},"schema":{"@context":"https:\/\/schema.org","@graph":[{"@type":"Article","@id":"https:\/\/www.france.fi\/fr\/mediatheque\/camille-de-toledo-thesee-sa-vie-nouvelle-2020\/#article","isPartOf":{"@id":"https:\/\/www.france.fi\/fr\/mediatheque\/camille-de-toledo-thesee-sa-vie-nouvelle-2020\/"},"author":{"name":"Equipe IFF","@id":"https:\/\/www.france.fi\/#\/schema\/person\/ed873f29db1d0af6a3600d15d3b65bfd"},"headline":"Camille de Toledo\u00a0: Th\u00e9s\u00e9e, sa vie nouvelle (2020)","datePublished":"2022-05-03T11:17:58+00:00","dateModified":"2022-10-18T07:54:09+00:00","mainEntityOfPage":{"@id":"https:\/\/www.france.fi\/fr\/mediatheque\/camille-de-toledo-thesee-sa-vie-nouvelle-2020\/"},"wordCount":110,"publisher":{"@id":"https:\/\/www.france.fi\/#organization"},"image":{"@id":"https:\/\/www.france.fi\/fr\/mediatheque\/camille-de-toledo-thesee-sa-vie-nouvelle-2020\/#primaryimage"},"thumbnailUrl":"https:\/\/www.france.fi\/wp-content\/uploads\/2022\/05\/Thesee-1098x617.jpg","articleSection":["M\u00e9diath\u00e8que"],"inLanguage":"fr-FR"},{"@type":"WebPage","@id":"https:\/\/www.france.fi\/fr\/mediatheque\/camille-de-toledo-thesee-sa-vie-nouvelle-2020\/","url":"https:\/\/www.france.fi\/fr\/mediatheque\/camille-de-toledo-thesee-sa-vie-nouvelle-2020\/","name":"Camille de Toledo\u00a0: Th\u00e9s\u00e9e, sa vie nouvelle (2020) - Institut fran\u00e7ais","isPartOf":{"@id":"https:\/\/www.france.fi\/#website"},"primaryImageOfPage":{"@id":"https:\/\/www.france.fi\/fr\/mediatheque\/camille-de-toledo-thesee-sa-vie-nouvelle-2020\/#primaryimage"},"image":{"@id":"https:\/\/www.france.fi\/fr\/mediatheque\/camille-de-toledo-thesee-sa-vie-nouvelle-2020\/#primaryimage"},"thumbnailUrl":"https:\/\/www.france.fi\/wp-content\/uploads\/2022\/05\/Thesee-1098x617.jpg","datePublished":"2022-05-03T11:17:58+00:00","dateModified":"2022-10-18T07:54:09+00:00","breadcrumb":{"@id":"https:\/\/www.france.fi\/fr\/mediatheque\/camille-de-toledo-thesee-sa-vie-nouvelle-2020\/#breadcrumb"},"inLanguage":"fr-FR","potentialAction":[{"@type":"ReadAction","target":["https:\/\/www.france.fi\/fr\/mediatheque\/camille-de-toledo-thesee-sa-vie-nouvelle-2020\/"]}]},{"@type":"ImageObject","inLanguage":"fr-FR","@id":"https:\/\/www.france.fi\/fr\/mediatheque\/camille-de-toledo-thesee-sa-vie-nouvelle-2020\/#primaryimage","url":"https:\/\/www.france.fi\/wp-content\/uploads\/2022\/05\/Thesee-1098x617.jpg","contentUrl":"https:\/\/www.france.fi\/wp-content\/uploads\/2022\/05\/Thesee-1098x617.jpg","width":1280,"height":720},{"@type":"BreadcrumbList","@id":"https:\/\/www.france.fi\/fr\/mediatheque\/camille-de-toledo-thesee-sa-vie-nouvelle-2020\/#breadcrumb","itemListElement":[{"@type":"ListItem","position":1,"name":"Home","item":"https:\/\/www.france.fi\/fr\/"},{"@type":"ListItem","position":2,"name":"M\u00e9diath\u00e8que","item":"https:\/\/www.france.fi\/fr\/category\/mediatheque\/"},{"@type":"ListItem","position":3,"name":"Camille de Toledo\u00a0: Th\u00e9s\u00e9e, sa vie nouvelle (2020)"}]},{"@type":"WebSite","@id":"https:\/\/www.france.fi\/#website","url":"https:\/\/www.france.fi\/","name":"Institut fran\u00e7ais de Finlande","description":"","publisher":{"@id":"https:\/\/www.france.fi\/#organization"},"potentialAction":[{"@type":"SearchAction","target":{"@type":"EntryPoint","urlTemplate":"https:\/\/www.france.fi\/?s={search_term_string}"},"query-input":{"@type":"PropertyValueSpecification","valueRequired":true,"valueName":"search_term_string"}}],"inLanguage":"fr-FR"},{"@type":"Organization","@id":"https:\/\/www.france.fi\/#organization","name":"Institut fran\u00e7ais de Finlande","url":"https:\/\/www.france.fi\/","logo":{"@type":"ImageObject","inLanguage":"fr-FR","@id":"https:\/\/www.france.fi\/#\/schema\/logo\/image\/","url":"https:\/\/www.france.fi\/wp-content\/uploads\/2024\/02\/if-logo-1.png","contentUrl":"https:\/\/www.france.fi\/wp-content\/uploads\/2024\/02\/if-logo-1.png","width":687,"height":459,"caption":"Institut fran\u00e7ais de Finlande"},"image":{"@id":"https:\/\/www.france.fi\/#\/schema\/logo\/image\/"},"sameAs":["https:\/\/www.facebook.com\/institutfrancaisfi","https:\/\/x.com\/IFFinlande","https:\/\/www.instagram.com\/iffinlande\/","https:\/\/fr.linkedin.com\/organization-guest\/company\/institut-fran-ais-de-finlande","https:\/\/www.youtube.com\/channel\/UCHAitdpmSbeP78eL49XMotA"]},{"@type":"Person","@id":"https:\/\/www.france.fi\/#\/schema\/person\/ed873f29db1d0af6a3600d15d3b65bfd","name":"Equipe IFF","image":{"@type":"ImageObject","inLanguage":"fr-FR","@id":"https:\/\/secure.gravatar.com\/avatar\/3c4ba80228d01014b25e45e90abb28ce315a02c6572751a7fb2298e4274989fc?s=96&d=mm&r=g","url":"https:\/\/secure.gravatar.com\/avatar\/3c4ba80228d01014b25e45e90abb28ce315a02c6572751a7fb2298e4274989fc?s=96&d=mm&r=g","contentUrl":"https:\/\/secure.gravatar.com\/avatar\/3c4ba80228d01014b25e45e90abb28ce315a02c6572751a7fb2298e4274989fc?s=96&d=mm&r=g","caption":"Equipe IFF"},"url":"https:\/\/www.france.fi\/fr\/author\/iffadmin\/"}]}},"_links":{"self":[{"href":"https:\/\/www.france.fi\/fr\/wp-json\/wp\/v2\/posts\/9495","targetHints":{"allow":["GET"]}}],"collection":[{"href":"https:\/\/www.france.fi\/fr\/wp-json\/wp\/v2\/posts"}],"about":[{"href":"https:\/\/www.france.fi\/fr\/wp-json\/wp\/v2\/types\/post"}],"author":[{"embeddable":true,"href":"https:\/\/www.france.fi\/fr\/wp-json\/wp\/v2\/users\/2"}],"replies":[{"embeddable":true,"href":"https:\/\/www.france.fi\/fr\/wp-json\/wp\/v2\/comments?post=9495"}],"version-history":[{"count":0,"href":"https:\/\/www.france.fi\/fr\/wp-json\/wp\/v2\/posts\/9495\/revisions"}],"wp:featuredmedia":[{"embeddable":true,"href":"https:\/\/www.france.fi\/fr\/wp-json\/wp\/v2\/media\/9496"}],"wp:attachment":[{"href":"https:\/\/www.france.fi\/fr\/wp-json\/wp\/v2\/media?parent=9495"}],"wp:term":[{"taxonomy":"category","embeddable":true,"href":"https:\/\/www.france.fi\/fr\/wp-json\/wp\/v2\/categories?post=9495"},{"taxonomy":"post_tag","embeddable":true,"href":"https:\/\/www.france.fi\/fr\/wp-json\/wp\/v2\/tags?post=9495"}],"curies":[{"name":"wp","href":"https:\/\/api.w.org\/{rel}","templated":true}]}}