{"id":9698,"date":"2022-05-25T15:28:05","date_gmt":"2022-05-25T12:28:05","guid":{"rendered":"http:\/\/www.france.fi\/?p=9698"},"modified":"2022-07-04T14:39:41","modified_gmt":"2022-07-04T11:39:41","slug":"la-nouvelle-ere-du-verre","status":"publish","type":"post","link":"https:\/\/www.france.fi\/fr\/sciences-et-universites\/la-nouvelle-ere-du-verre\/","title":{"rendered":"La nouvelle \u00e8re du verre"},"content":{"rendered":"\n<p>On utilise le verre dans la vie de tous les jours sans m\u00eame s\u2019en rendre compte. Au fil des si\u00e8cles, le verre n\u2019a cess\u00e9 de r\u00e9pondre aux besoins des individus et de la soci\u00e9t\u00e9. Les avanc\u00e9es technologiques ont g\u00e9n\u00e9r\u00e9 un besoin constant de nouveaux mat\u00e9riaux en verre ayant des propri\u00e9t\u00e9s sp\u00e9cifiques. Le verre n\u2019est donc pas seulement une nouvelle tendance.<\/p>\n<p>Afin de c\u00e9l\u00e9brer 2022, d\u00e9clar\u00e9e ann\u00e9e internationale du verre par les Nations unies, les professeurs, <strong>Laeticia Petit<\/strong> et <strong>Jonathan Massera<\/strong>, ainsi que l\u2019artiste verri\u00e8re <strong>Ella Varvio<\/strong>, viendront discuter du verre dans le pass\u00e9, au pr\u00e9sent et au futur en adoptant un point de vue \u00e0 la fois scientifique et artistique.<\/p>\n<p>Ils parleront en particulier de la pr\u00e9paration du verre avec les techniques utilis\u00e9es dans l\u2019art verrier, les diff\u00e9rents usages du verre et les nouvelles tendances artistiques. Finalement, Ella Varvio, l\u2019artiste verri\u00e8re, pr\u00e9sentera quelques-unes de ses \u0153uvres d\u2019arts, en particulier celle expos\u00e9es \u00e0 l\u2019Institut fran\u00e7ais.<\/p>\n<p>En amont de ce caf\u00e9 scientifique, une s\u00e9lection d\u2019\u0153uvres en verre de l\u2019artiste Ella Varvio seront expos\u00e9es \u00e0 l\u2019Institut fran\u00e7ais du 31 mai au 17 juin.<\/p>\n<p>\u00c9v\u00e8nement en anglais.<\/p>\n<table style=\"width: 100%; border-collapse: collapse; border-style: hidden;\">\n<tbody>\n<tr>\n<td style=\"width: 50%; border-style: hidden;\"><strong>Laeticia Petit<\/strong> a obtenu son doctorat en Science des mat\u00e9riaux \u00e0 l\u2019Universit\u00e9 de Bordeaux en France en 2002. Elle est Professeure au laboratoire de photoniques de l\u2019Universit\u00e9 de Tampere (TAU, Finlande). Elle est aussi Professeure adjointe \u00e0 la facult\u00e9 de m\u00e9decine et de technologie de sant\u00e9 \u00e0 l\u2019Universit\u00e9 de Tampere et dans le laboratoire de Chimie Inorganique de l\u2019Acad\u00e9mie d\u2019\u00c5bo (Finlande). Ses recherches actuelles portent sur le traitement et la caract\u00e9risation de nouveaux verres\/c\u00e9ramiques et de fibres pour des applications photoniques. Elle concentre ses recherches sur la compr\u00e9hension de la relation entre la composition, la structure et les propri\u00e9t\u00e9s de ces mat\u00e9riaux, avec pour objectif d\u2019adapter de nouvelles compositions \u00e0 des applications sp\u00e9cifiques en photonique.<\/td>\n<td style=\"width: 50%; border-style: hidden;\"><a href=\"http:\/\/www.france.fi\/wp-content\/uploads\/2022\/05\/Laeticia-Petit.jpg\"><img loading=\"lazy\" decoding=\"async\" class=\"aligncenter size-full wp-image-9702\" src=\"http:\/\/www.france.fi\/wp-content\/uploads\/2022\/05\/Laeticia-Petit.jpg\" alt=\"\" width=\"300\" height=\"300\" srcset=\"https:\/\/www.france.fi\/wp-content\/uploads\/2022\/05\/Laeticia-Petit.jpg 300w, https:\/\/www.france.fi\/wp-content\/uploads\/2022\/05\/Laeticia-Petit-150x150.jpg 150w\" sizes=\"auto, (max-width: 300px) 100vw, 300px\" \/><\/a><\/td>\n<\/tr>\n<tr>\n<td style=\"width: 50%; border-style: hidden;\"><a href=\"http:\/\/www.france.fi\/wp-content\/uploads\/2022\/05\/Jonathan-Massera.jpg\"><img loading=\"lazy\" decoding=\"async\" class=\"aligncenter size-full wp-image-9705\" src=\"http:\/\/www.france.fi\/wp-content\/uploads\/2022\/05\/Jonathan-Massera.jpg\" alt=\"\" width=\"300\" height=\"300\" srcset=\"https:\/\/www.france.fi\/wp-content\/uploads\/2022\/05\/Jonathan-Massera.jpg 300w, https:\/\/www.france.fi\/wp-content\/uploads\/2022\/05\/Jonathan-Massera-150x150.jpg 150w\" sizes=\"auto, (max-width: 300px) 100vw, 300px\" \/><\/a><\/td>\n<td style=\"width: 50%; border-style: hidden;\"><strong>Jonathan Massera<\/strong> a obtenu son doctorat \u00e0 l\u2019Universit\u00e9 de Clemson en Caroline du Sud aux \u00c9tats-Unis en 2009. Il est Professeur de biomat\u00e9riaux et d\u2019ing\u00e9nierie tissulaire \u00e0 l\u2019Universit\u00e9 de Tampere, \u00e0 la facult\u00e9 de m\u00e9decine et de technologie de sant\u00e9. Jonathan Massera dirige le groupe de recherche sur la bioc\u00e9ramique, les verres biologiques et les bio composites, ainsi que le programme de Master international en sciences et ing\u00e9nierie biom\u00e9dicales. Son groupe de recherche \u00e9tudie le d\u00e9veloppement des biomat\u00e9riaux inorganiques et leurs composites ainsi que les interactions cellules\/mat\u00e9riaux et prot\u00e9ines\/mat\u00e9riaux. Un autre axe de ses recherches concerne la combinaison de verres photoniques et bioactifs afin de d\u00e9velopper de nouveaux mat\u00e9riaux biophotoniques pour la th\u00e9rapie, la d\u00e9tection et l\u2019imagerie \u00e0 faible luminosit\u00e9.<\/td>\n<\/tr>\n<tr>\n<td style=\"width: 50%; border-style: hidden;\">\n<p>L\u2019artiste verri\u00e8re <strong>Ella Varvio<\/strong> allie des illustrations \u00e0 des \u0153uvres en verre souffl\u00e9. Elle utilise des gravures, des impressions et des bulles d\u2019air emprisonn\u00e9es dans des couches de verre souffl\u00e9. Cela cr\u00e9e une sensation de profondeur et de regard vers un autre monde. Elle aspire \u00e0 cr\u00e9er des sc\u00e8nes oniriques qui ne se r\u00e9v\u00e8lent pas enti\u00e8rement au premier coup d\u2019\u0153il. Varvio est titulaire d\u2019un master en arts de l\u2019Universit\u00e9 d\u2019Aalto, de l\u2019\u00e9cole d\u2019art du design et de l\u2019architecture. Elle est maintenant bas\u00e9e \u00e0 Tampere en Finlande et la plupart de ses \u0153uvres d\u2019arts ont \u00e9t\u00e9 r\u00e9alis\u00e9es dans le village historique de Nuutaj\u00e4rvi. Ses \u0153uvres ont \u00e9t\u00e9 expos\u00e9es dans plusieurs expositions internationales et publications. Actuellement elle travaille sur un projet multidisciplinaire PhotonArt en collaboration avec le groupe Photonics Glasses de l\u2019Universit\u00e9 de Tampere<\/p>\n<p><strong><a href=\"https:\/\/ellavarvio.com\/\" target=\"_blank\" rel=\"noopener\">ellavarvio.com<\/a><\/strong><\/p>\n<\/td>\n<td style=\"width: 50%; border-style: hidden;\"><figure class=\"wp-block-embed wp-block-embed-youtube is-type-video is-provider-youtube epyt-figure\"><div class=\"wp-block-embed__wrapper\"><div class=\"epyt-video-wrapper\"><iframe loading=\"lazy\"  id=\"_ytid_50498\"  width=\"580\" height=\"326\"  data-origwidth=\"580\" data-origheight=\"326\" src=\"https:\/\/www.youtube.com\/embed\/LPbj3hu0mRE?enablejsapi=1&autoplay=0&cc_load_policy=0&cc_lang_pref=&iv_load_policy=1&loop=0&rel=1&fs=1&playsinline=0&autohide=2&theme=dark&color=red&controls=1&disablekb=0&\" class=\"__youtube_prefs__  no-lazyload\" title=\"YouTube player\"  allow=\"fullscreen; accelerometer; autoplay; clipboard-write; encrypted-media; gyroscope; picture-in-picture; web-share\" referrerpolicy=\"strict-origin-when-cross-origin\" allowfullscreen data-no-lazy=\"1\" data-skipgform_ajax_framebjll=\"\"><\/iframe><\/div><\/div><\/figure><\/td>\n<\/tr>\n<\/tbody>\n<\/table>\n<p>\u00a0<\/p>\n<p><div class=\"rve\" data-content-width=\"580\"><iframe loading=\"lazy\" title=\"Welcome to the new age of glass\" width=\"580\" height=\"326\" src=\"https:\/\/www.youtube.com\/embed\/9R6TxCaOg2s?feature=oembed\" frameborder=\"0\" allow=\"accelerometer; autoplay; clipboard-write; encrypted-media; gyroscope; picture-in-picture; web-share\" referrerpolicy=\"strict-origin-when-cross-origin\" allowfullscreen><\/iframe><\/div><!-- Responsive Video Embeds plugin by www.kevinleary.net --><\/p>\n","protected":false},"excerpt":{"rendered":"<p>L\u2019Institut fran\u00e7ais organise un caf\u00e9 scientifique autour de la nouvelle \u00e8re du verre. <\/p>\n","protected":false},"author":2,"featured_media":9737,"comment_status":"closed","ping_status":"open","sticky":false,"template":"","format":"standard","meta":{"footnotes":""},"categories":[4],"tags":[],"class_list":["post-9698","post","type-post","status-publish","format-standard","has-post-thumbnail","hentry","category-sciences-et-universites"],"yoast_head":"<!-- This site is optimized with the Yoast SEO plugin v27.4 - https:\/\/yoast.com\/product\/yoast-seo-wordpress\/ -->\n<title>La nouvelle \u00e8re du verre - Institut fran\u00e7ais<\/title>\n<meta name=\"robots\" content=\"index, follow, max-snippet:-1, max-image-preview:large, max-video-preview:-1\" \/>\n<link rel=\"canonical\" href=\"https:\/\/www.france.fi\/fr\/sciences-et-universites\/la-nouvelle-ere-du-verre\/\" \/>\n<meta property=\"og:locale\" content=\"fr_FR\" \/>\n<meta property=\"og:type\" content=\"article\" \/>\n<meta property=\"og:title\" content=\"La nouvelle \u00e8re du verre - Institut fran\u00e7ais\" \/>\n<meta property=\"og:description\" content=\"L\u2019Institut fran\u00e7ais organise un caf\u00e9 scientifique autour de la nouvelle \u00e8re du verre.\" \/>\n<meta property=\"og:url\" content=\"https:\/\/www.france.fi\/fr\/sciences-et-universites\/la-nouvelle-ere-du-verre\/\" \/>\n<meta property=\"og:site_name\" content=\"Institut fran\u00e7ais\" \/>\n<meta property=\"article:publisher\" content=\"https:\/\/www.facebook.com\/institutfrancaisfi\" \/>\n<meta property=\"article:published_time\" content=\"2022-05-25T12:28:05+00:00\" \/>\n<meta property=\"article:modified_time\" content=\"2022-07-04T11:39:41+00:00\" \/>\n<meta property=\"og:image\" content=\"https:\/\/www.france.fi\/wp-content\/uploads\/2022\/05\/Cafe-verre-1098x617.jpg\" \/>\n\t<meta property=\"og:image:width\" content=\"1280\" \/>\n\t<meta property=\"og:image:height\" content=\"720\" \/>\n\t<meta property=\"og:image:type\" content=\"image\/jpeg\" \/>\n<meta name=\"author\" content=\"Equipe IFF\" \/>\n<meta name=\"twitter:card\" content=\"summary_large_image\" \/>\n<meta name=\"twitter:creator\" content=\"@IFFinlande\" \/>\n<meta name=\"twitter:site\" content=\"@IFFinlande\" \/>\n<meta name=\"twitter:label1\" content=\"\u00c9crit par\" \/>\n\t<meta name=\"twitter:data1\" content=\"Equipe IFF\" \/>\n\t<meta name=\"twitter:label2\" content=\"Dur\u00e9e de lecture estim\u00e9e\" \/>\n\t<meta name=\"twitter:data2\" content=\"4 minutes\" \/>\n<script type=\"application\/ld+json\" class=\"yoast-schema-graph\">{\"@context\":\"https:\\\/\\\/schema.org\",\"@graph\":[{\"@type\":\"Article\",\"@id\":\"https:\\\/\\\/www.france.fi\\\/fr\\\/sciences-et-universites\\\/la-nouvelle-ere-du-verre\\\/#article\",\"isPartOf\":{\"@id\":\"https:\\\/\\\/www.france.fi\\\/fr\\\/sciences-et-universites\\\/la-nouvelle-ere-du-verre\\\/\"},\"author\":{\"name\":\"Equipe IFF\",\"@id\":\"https:\\\/\\\/www.france.fi\\\/#\\\/schema\\\/person\\\/ed873f29db1d0af6a3600d15d3b65bfd\"},\"headline\":\"La nouvelle \u00e8re du verre\",\"datePublished\":\"2022-05-25T12:28:05+00:00\",\"dateModified\":\"2022-07-04T11:39:41+00:00\",\"mainEntityOfPage\":{\"@id\":\"https:\\\/\\\/www.france.fi\\\/fr\\\/sciences-et-universites\\\/la-nouvelle-ere-du-verre\\\/\"},\"wordCount\":657,\"publisher\":{\"@id\":\"https:\\\/\\\/www.france.fi\\\/#organization\"},\"image\":{\"@id\":\"https:\\\/\\\/www.france.fi\\\/fr\\\/sciences-et-universites\\\/la-nouvelle-ere-du-verre\\\/#primaryimage\"},\"thumbnailUrl\":\"https:\\\/\\\/www.france.fi\\\/wp-content\\\/uploads\\\/2022\\\/05\\\/Cafe-verre-1098x617.jpg\",\"articleSection\":[\"Sciences et universit\u00e9s\"],\"inLanguage\":\"fr-FR\"},{\"@type\":\"WebPage\",\"@id\":\"https:\\\/\\\/www.france.fi\\\/fr\\\/sciences-et-universites\\\/la-nouvelle-ere-du-verre\\\/\",\"url\":\"https:\\\/\\\/www.france.fi\\\/fr\\\/sciences-et-universites\\\/la-nouvelle-ere-du-verre\\\/\",\"name\":\"La nouvelle \u00e8re du verre - Institut fran\u00e7ais\",\"isPartOf\":{\"@id\":\"https:\\\/\\\/www.france.fi\\\/#website\"},\"primaryImageOfPage\":{\"@id\":\"https:\\\/\\\/www.france.fi\\\/fr\\\/sciences-et-universites\\\/la-nouvelle-ere-du-verre\\\/#primaryimage\"},\"image\":{\"@id\":\"https:\\\/\\\/www.france.fi\\\/fr\\\/sciences-et-universites\\\/la-nouvelle-ere-du-verre\\\/#primaryimage\"},\"thumbnailUrl\":\"https:\\\/\\\/www.france.fi\\\/wp-content\\\/uploads\\\/2022\\\/05\\\/Cafe-verre-1098x617.jpg\",\"datePublished\":\"2022-05-25T12:28:05+00:00\",\"dateModified\":\"2022-07-04T11:39:41+00:00\",\"breadcrumb\":{\"@id\":\"https:\\\/\\\/www.france.fi\\\/fr\\\/sciences-et-universites\\\/la-nouvelle-ere-du-verre\\\/#breadcrumb\"},\"inLanguage\":\"fr-FR\",\"potentialAction\":[{\"@type\":\"ReadAction\",\"target\":[\"https:\\\/\\\/www.france.fi\\\/fr\\\/sciences-et-universites\\\/la-nouvelle-ere-du-verre\\\/\"]}]},{\"@type\":\"ImageObject\",\"inLanguage\":\"fr-FR\",\"@id\":\"https:\\\/\\\/www.france.fi\\\/fr\\\/sciences-et-universites\\\/la-nouvelle-ere-du-verre\\\/#primaryimage\",\"url\":\"https:\\\/\\\/www.france.fi\\\/wp-content\\\/uploads\\\/2022\\\/05\\\/Cafe-verre-1098x617.jpg\",\"contentUrl\":\"https:\\\/\\\/www.france.fi\\\/wp-content\\\/uploads\\\/2022\\\/05\\\/Cafe-verre-1098x617.jpg\",\"width\":1280,\"height\":720},{\"@type\":\"BreadcrumbList\",\"@id\":\"https:\\\/\\\/www.france.fi\\\/fr\\\/sciences-et-universites\\\/la-nouvelle-ere-du-verre\\\/#breadcrumb\",\"itemListElement\":[{\"@type\":\"ListItem\",\"position\":1,\"name\":\"Home\",\"item\":\"https:\\\/\\\/www.france.fi\\\/fr\\\/\"},{\"@type\":\"ListItem\",\"position\":2,\"name\":\"Sciences et universit\u00e9s\",\"item\":\"https:\\\/\\\/www.france.fi\\\/fr\\\/category\\\/sciences-et-universites\\\/\"},{\"@type\":\"ListItem\",\"position\":3,\"name\":\"La nouvelle \u00e8re du verre\"}]},{\"@type\":\"WebSite\",\"@id\":\"https:\\\/\\\/www.france.fi\\\/#website\",\"url\":\"https:\\\/\\\/www.france.fi\\\/\",\"name\":\"Institut fran\u00e7ais de Finlande\",\"description\":\"\",\"publisher\":{\"@id\":\"https:\\\/\\\/www.france.fi\\\/#organization\"},\"potentialAction\":[{\"@type\":\"SearchAction\",\"target\":{\"@type\":\"EntryPoint\",\"urlTemplate\":\"https:\\\/\\\/www.france.fi\\\/?s={search_term_string}\"},\"query-input\":{\"@type\":\"PropertyValueSpecification\",\"valueRequired\":true,\"valueName\":\"search_term_string\"}}],\"inLanguage\":\"fr-FR\"},{\"@type\":\"Organization\",\"@id\":\"https:\\\/\\\/www.france.fi\\\/#organization\",\"name\":\"Institut fran\u00e7ais de Finlande\",\"url\":\"https:\\\/\\\/www.france.fi\\\/\",\"logo\":{\"@type\":\"ImageObject\",\"inLanguage\":\"fr-FR\",\"@id\":\"https:\\\/\\\/www.france.fi\\\/#\\\/schema\\\/logo\\\/image\\\/\",\"url\":\"https:\\\/\\\/www.france.fi\\\/wp-content\\\/uploads\\\/2024\\\/02\\\/if-logo-1.png\",\"contentUrl\":\"https:\\\/\\\/www.france.fi\\\/wp-content\\\/uploads\\\/2024\\\/02\\\/if-logo-1.png\",\"width\":687,\"height\":459,\"caption\":\"Institut fran\u00e7ais de Finlande\"},\"image\":{\"@id\":\"https:\\\/\\\/www.france.fi\\\/#\\\/schema\\\/logo\\\/image\\\/\"},\"sameAs\":[\"https:\\\/\\\/www.facebook.com\\\/institutfrancaisfi\",\"https:\\\/\\\/x.com\\\/IFFinlande\",\"https:\\\/\\\/www.instagram.com\\\/iffinlande\\\/\",\"https:\\\/\\\/fr.linkedin.com\\\/organization-guest\\\/company\\\/institut-fran-ais-de-finlande\",\"https:\\\/\\\/www.youtube.com\\\/channel\\\/UCHAitdpmSbeP78eL49XMotA\"]},{\"@type\":\"Person\",\"@id\":\"https:\\\/\\\/www.france.fi\\\/#\\\/schema\\\/person\\\/ed873f29db1d0af6a3600d15d3b65bfd\",\"name\":\"Equipe IFF\",\"image\":{\"@type\":\"ImageObject\",\"inLanguage\":\"fr-FR\",\"@id\":\"https:\\\/\\\/secure.gravatar.com\\\/avatar\\\/3c4ba80228d01014b25e45e90abb28ce315a02c6572751a7fb2298e4274989fc?s=96&d=mm&r=g\",\"url\":\"https:\\\/\\\/secure.gravatar.com\\\/avatar\\\/3c4ba80228d01014b25e45e90abb28ce315a02c6572751a7fb2298e4274989fc?s=96&d=mm&r=g\",\"contentUrl\":\"https:\\\/\\\/secure.gravatar.com\\\/avatar\\\/3c4ba80228d01014b25e45e90abb28ce315a02c6572751a7fb2298e4274989fc?s=96&d=mm&r=g\",\"caption\":\"Equipe IFF\"},\"url\":\"https:\\\/\\\/www.france.fi\\\/fr\\\/author\\\/iffadmin\\\/\"}]}<\/script>\n<!-- \/ Yoast SEO plugin. -->","yoast_head_json":{"title":"La nouvelle \u00e8re du verre - Institut fran\u00e7ais","robots":{"index":"index","follow":"follow","max-snippet":"max-snippet:-1","max-image-preview":"max-image-preview:large","max-video-preview":"max-video-preview:-1"},"canonical":"https:\/\/www.france.fi\/fr\/sciences-et-universites\/la-nouvelle-ere-du-verre\/","og_locale":"fr_FR","og_type":"article","og_title":"La nouvelle \u00e8re du verre - Institut fran\u00e7ais","og_description":"L\u2019Institut fran\u00e7ais organise un caf\u00e9 scientifique autour de la nouvelle \u00e8re du verre.","og_url":"https:\/\/www.france.fi\/fr\/sciences-et-universites\/la-nouvelle-ere-du-verre\/","og_site_name":"Institut fran\u00e7ais","article_publisher":"https:\/\/www.facebook.com\/institutfrancaisfi","article_published_time":"2022-05-25T12:28:05+00:00","article_modified_time":"2022-07-04T11:39:41+00:00","og_image":[{"width":1280,"height":720,"url":"https:\/\/www.france.fi\/wp-content\/uploads\/2022\/05\/Cafe-verre-1098x617.jpg","type":"image\/jpeg"}],"author":"Equipe IFF","twitter_card":"summary_large_image","twitter_creator":"@IFFinlande","twitter_site":"@IFFinlande","twitter_misc":{"\u00c9crit par":"Equipe IFF","Dur\u00e9e de lecture estim\u00e9e":"4 minutes"},"schema":{"@context":"https:\/\/schema.org","@graph":[{"@type":"Article","@id":"https:\/\/www.france.fi\/fr\/sciences-et-universites\/la-nouvelle-ere-du-verre\/#article","isPartOf":{"@id":"https:\/\/www.france.fi\/fr\/sciences-et-universites\/la-nouvelle-ere-du-verre\/"},"author":{"name":"Equipe IFF","@id":"https:\/\/www.france.fi\/#\/schema\/person\/ed873f29db1d0af6a3600d15d3b65bfd"},"headline":"La nouvelle \u00e8re du verre","datePublished":"2022-05-25T12:28:05+00:00","dateModified":"2022-07-04T11:39:41+00:00","mainEntityOfPage":{"@id":"https:\/\/www.france.fi\/fr\/sciences-et-universites\/la-nouvelle-ere-du-verre\/"},"wordCount":657,"publisher":{"@id":"https:\/\/www.france.fi\/#organization"},"image":{"@id":"https:\/\/www.france.fi\/fr\/sciences-et-universites\/la-nouvelle-ere-du-verre\/#primaryimage"},"thumbnailUrl":"https:\/\/www.france.fi\/wp-content\/uploads\/2022\/05\/Cafe-verre-1098x617.jpg","articleSection":["Sciences et universit\u00e9s"],"inLanguage":"fr-FR"},{"@type":"WebPage","@id":"https:\/\/www.france.fi\/fr\/sciences-et-universites\/la-nouvelle-ere-du-verre\/","url":"https:\/\/www.france.fi\/fr\/sciences-et-universites\/la-nouvelle-ere-du-verre\/","name":"La nouvelle \u00e8re du verre - Institut fran\u00e7ais","isPartOf":{"@id":"https:\/\/www.france.fi\/#website"},"primaryImageOfPage":{"@id":"https:\/\/www.france.fi\/fr\/sciences-et-universites\/la-nouvelle-ere-du-verre\/#primaryimage"},"image":{"@id":"https:\/\/www.france.fi\/fr\/sciences-et-universites\/la-nouvelle-ere-du-verre\/#primaryimage"},"thumbnailUrl":"https:\/\/www.france.fi\/wp-content\/uploads\/2022\/05\/Cafe-verre-1098x617.jpg","datePublished":"2022-05-25T12:28:05+00:00","dateModified":"2022-07-04T11:39:41+00:00","breadcrumb":{"@id":"https:\/\/www.france.fi\/fr\/sciences-et-universites\/la-nouvelle-ere-du-verre\/#breadcrumb"},"inLanguage":"fr-FR","potentialAction":[{"@type":"ReadAction","target":["https:\/\/www.france.fi\/fr\/sciences-et-universites\/la-nouvelle-ere-du-verre\/"]}]},{"@type":"ImageObject","inLanguage":"fr-FR","@id":"https:\/\/www.france.fi\/fr\/sciences-et-universites\/la-nouvelle-ere-du-verre\/#primaryimage","url":"https:\/\/www.france.fi\/wp-content\/uploads\/2022\/05\/Cafe-verre-1098x617.jpg","contentUrl":"https:\/\/www.france.fi\/wp-content\/uploads\/2022\/05\/Cafe-verre-1098x617.jpg","width":1280,"height":720},{"@type":"BreadcrumbList","@id":"https:\/\/www.france.fi\/fr\/sciences-et-universites\/la-nouvelle-ere-du-verre\/#breadcrumb","itemListElement":[{"@type":"ListItem","position":1,"name":"Home","item":"https:\/\/www.france.fi\/fr\/"},{"@type":"ListItem","position":2,"name":"Sciences et universit\u00e9s","item":"https:\/\/www.france.fi\/fr\/category\/sciences-et-universites\/"},{"@type":"ListItem","position":3,"name":"La nouvelle \u00e8re du verre"}]},{"@type":"WebSite","@id":"https:\/\/www.france.fi\/#website","url":"https:\/\/www.france.fi\/","name":"Institut fran\u00e7ais de Finlande","description":"","publisher":{"@id":"https:\/\/www.france.fi\/#organization"},"potentialAction":[{"@type":"SearchAction","target":{"@type":"EntryPoint","urlTemplate":"https:\/\/www.france.fi\/?s={search_term_string}"},"query-input":{"@type":"PropertyValueSpecification","valueRequired":true,"valueName":"search_term_string"}}],"inLanguage":"fr-FR"},{"@type":"Organization","@id":"https:\/\/www.france.fi\/#organization","name":"Institut fran\u00e7ais de Finlande","url":"https:\/\/www.france.fi\/","logo":{"@type":"ImageObject","inLanguage":"fr-FR","@id":"https:\/\/www.france.fi\/#\/schema\/logo\/image\/","url":"https:\/\/www.france.fi\/wp-content\/uploads\/2024\/02\/if-logo-1.png","contentUrl":"https:\/\/www.france.fi\/wp-content\/uploads\/2024\/02\/if-logo-1.png","width":687,"height":459,"caption":"Institut fran\u00e7ais de Finlande"},"image":{"@id":"https:\/\/www.france.fi\/#\/schema\/logo\/image\/"},"sameAs":["https:\/\/www.facebook.com\/institutfrancaisfi","https:\/\/x.com\/IFFinlande","https:\/\/www.instagram.com\/iffinlande\/","https:\/\/fr.linkedin.com\/organization-guest\/company\/institut-fran-ais-de-finlande","https:\/\/www.youtube.com\/channel\/UCHAitdpmSbeP78eL49XMotA"]},{"@type":"Person","@id":"https:\/\/www.france.fi\/#\/schema\/person\/ed873f29db1d0af6a3600d15d3b65bfd","name":"Equipe IFF","image":{"@type":"ImageObject","inLanguage":"fr-FR","@id":"https:\/\/secure.gravatar.com\/avatar\/3c4ba80228d01014b25e45e90abb28ce315a02c6572751a7fb2298e4274989fc?s=96&d=mm&r=g","url":"https:\/\/secure.gravatar.com\/avatar\/3c4ba80228d01014b25e45e90abb28ce315a02c6572751a7fb2298e4274989fc?s=96&d=mm&r=g","contentUrl":"https:\/\/secure.gravatar.com\/avatar\/3c4ba80228d01014b25e45e90abb28ce315a02c6572751a7fb2298e4274989fc?s=96&d=mm&r=g","caption":"Equipe IFF"},"url":"https:\/\/www.france.fi\/fr\/author\/iffadmin\/"}]}},"_links":{"self":[{"href":"https:\/\/www.france.fi\/fr\/wp-json\/wp\/v2\/posts\/9698","targetHints":{"allow":["GET"]}}],"collection":[{"href":"https:\/\/www.france.fi\/fr\/wp-json\/wp\/v2\/posts"}],"about":[{"href":"https:\/\/www.france.fi\/fr\/wp-json\/wp\/v2\/types\/post"}],"author":[{"embeddable":true,"href":"https:\/\/www.france.fi\/fr\/wp-json\/wp\/v2\/users\/2"}],"replies":[{"embeddable":true,"href":"https:\/\/www.france.fi\/fr\/wp-json\/wp\/v2\/comments?post=9698"}],"version-history":[{"count":0,"href":"https:\/\/www.france.fi\/fr\/wp-json\/wp\/v2\/posts\/9698\/revisions"}],"wp:featuredmedia":[{"embeddable":true,"href":"https:\/\/www.france.fi\/fr\/wp-json\/wp\/v2\/media\/9737"}],"wp:attachment":[{"href":"https:\/\/www.france.fi\/fr\/wp-json\/wp\/v2\/media?parent=9698"}],"wp:term":[{"taxonomy":"category","embeddable":true,"href":"https:\/\/www.france.fi\/fr\/wp-json\/wp\/v2\/categories?post=9698"},{"taxonomy":"post_tag","embeddable":true,"href":"https:\/\/www.france.fi\/fr\/wp-json\/wp\/v2\/tags?post=9698"}],"curies":[{"name":"wp","href":"https:\/\/api.w.org\/{rel}","templated":true}]}}