{"id":9773,"date":"2022-06-03T15:11:57","date_gmt":"2022-06-03T12:11:57","guid":{"rendered":"http:\/\/www.france.fi\/culture\/maupertuis-program-call-for-proposals-2023-open\/"},"modified":"2022-10-10T16:07:13","modified_gmt":"2022-10-10T13:07:13","slug":"programme-maupertuis-appel-a-propositions-2023-ouvert","status":"publish","type":"post","link":"https:\/\/www.france.fi\/fr\/culture\/programme-maupertuis-appel-a-propositions-2023-ouvert\/","title":{"rendered":"PROGRAMME MAUPERTUIS : Appel \u00e0 propositions 2023 ouvert"},"content":{"rendered":"\n<p>L&rsquo; Institut fran\u00e7ais en Finlande, l&rsquo;Ambassade de France en Finlande et le Minist\u00e8re fran\u00e7ais de l&rsquo;Enseignement sup\u00e9rieur et de la Recherche renouvellent cette ann\u00e9e encore leur partenariat avec associ\u00e9s \u00e0 la Soci\u00e9t\u00e9 finlandaise des Sciences et des Lettres pour le lancement de l&rsquo;appel \u00e0 propositions dans le cadre du programme de financement d&rsquo;amor\u00e7age afin d&rsquo;initier et de renforcer la coop\u00e9ration bilat\u00e9rale en sciences naturelles, sciences humaines et sociales ainsi que l&rsquo;innovation et l&rsquo;enseignement sup\u00e9rieur dans les domaines d&rsquo;int\u00e9r\u00eat des deux pays.<\/p>\n<h4><strong>\u00c0 cette fin, deux programmes conjoints sont ouverts :<\/strong><\/h4>\n<ol>\n<li>\n<h5><strong> Programme de mobilit\u00e9 courte des chercheurs (RSM) <\/strong><\/h5>\n<\/li>\n<\/ol>\n<p>Afin d&rsquo;initier ou de renforcer la coop\u00e9ration dans les domaines de la science, de l&rsquo;innovation et de l&rsquo;enseignement sup\u00e9rieur sur tous les sujets de recherche d&rsquo;int\u00e9r\u00eat mutuel, ce programme permet aux chercheurs s\u00e9lectionn\u00e9s, jeunes ou confirm\u00e9s, en France et en Finlande (dans les deux sens) de visiter leurs homologues pour une courte p\u00e9riode (de quelques jours \u00e0 4 semaines). Les objectifs de la visite sont les suivants :<\/p>\n<ul>\n<li>Discuter de la possibilit\u00e9 d&rsquo;une coop\u00e9ration en mati\u00e8re de recherche scientifique et, si possible, en mati\u00e8re d&rsquo;enseignement sup\u00e9rieur (mobilit\u00e9 des \u00e9tudiants, doubles dipl\u00f4mes, doctorats en cotutelle, d\u00e9p\u00f4ts de projets europ\u00e9ens conjoints&#8230;).<\/li>\n<li>Rencontrer et \u00e9changer avec plusieurs chercheurs au sein de l&rsquo;institution h\u00f4te afin d&rsquo;explorer toutes les possibilit\u00e9s de coop\u00e9ration, \u00e9galement dans une approche multidisciplinaire.<\/li>\n<li>Identifier les perspectives \u00e0 court, moyen et long terme de collaborations et de formalisation de la coop\u00e9ration afin de construire une coop\u00e9ration durable entre les \u00e9quipes de recherche, les laboratoires, les d\u00e9partements et les institutions.<\/li>\n<li>Trouver un laboratoire appropri\u00e9 pour un post-doc afin d&rsquo;initier ou de poursuivre une coop\u00e9ration franco-finlandaise.<\/li>\n<\/ul>\n<p><strong>Les doctorants et les jeunes chercheurs<\/strong> sont encourag\u00e9s \u00e0 candidater !<\/p>\n<p>Une bourse d&rsquo;un montant maximum de 1200 euros couvrira les frais de voyage, de logement et de s\u00e9jour pour une premi\u00e8re visite de courte dur\u00e9e dans le pays d&rsquo;accueil.<\/p>\n<p>Une bourse d&rsquo;un montant maximum de 2000 euros couvrira les frais de voyage, d&rsquo;h\u00e9bergement et de s\u00e9jour pour une visite de travail de deux semaines ou plus dans le pays d&rsquo;accueil, lorsqu&rsquo;il existe d\u00e9j\u00e0 une collaboration solide entre les chercheurs ou les laboratoires.<\/p>\n<p>Le comit\u00e9 de s\u00e9lection est compos\u00e9 de repr\u00e9sentants des institutions de financement.<\/p>\n<p>Un rapport de 2 pages (comprenant l&rsquo;agenda final\/les conclusions sur les collaborations scientifiques et les r\u00e9sultats + le budget final) devra \u00eatre envoy\u00e9 dans les 2 semaines suivant la fin de la visite.<\/p>\n<p><strong><a href=\"http:\/\/www.france.fi\/wp-content\/uploads\/2022\/06\/Application_form_RSM-Maupertuis_2023.docx\">T\u00e9l\u00e9chargez le formulaire de candidature RSM ici<\/a><\/strong><\/p>\n<ol start=\"2\">\n<li>\n<h5><strong> Atelier \u00ab\u00a0Enseignement sup\u00e9rieur, recherche et innovation\u00a0\u00bb (ERI-W) <\/strong><\/h5>\n<\/li>\n<\/ol>\n<p>Afin de renforcer les collaborations identifi\u00e9es entre les chercheurs en France et en Finlande, un soutien est apport\u00e9 \u00e0 l\u2019organisation d\u2019ateliers sp\u00e9cifiques qui peuvent avoir lieu en Finlande ou en France sur tous les sujets de recherche. Il est recommand\u00e9 d&rsquo;avoir des sujets cibl\u00e9s et concrets pour l&rsquo;atelier qui peut durer de 2 \u00e0 4 jours et impliquer plusieurs chercheurs (environ 15 mais pas limit\u00e9). L&rsquo;appel 2023 mettra en avant l&rsquo;opportunit\u00e9 pour le candidat d&rsquo;organiser des r\u00e9unions multilat\u00e9rales (et non plus seulement bilat\u00e9rales), notamment si elles sont motiv\u00e9es par la candidature \u00e0 l&rsquo;appel \u00e0 financement Horizon Europe. Dans ce cas, toutes les parties participant \u00e0 l&rsquo;atelier devraient contribuer \u00e0 sa mise en \u0153uvre.<\/p>\n<p>Ces ateliers, bas\u00e9s sur des recherches de pointe, devront couvrir les trois piliers du triangle de la connaissance :<\/p>\n<ul>\n<li>Recherche : initier, renforcer, encourager toutes les coop\u00e9rations de recherche pour les structurer et passer de la collaboration chercheur-chercheur \u00e0 des collaborations \u00e9quipe-\u00e9quipe ou laboratoire-laboratoire.<\/li>\n<li>Enseignement sup\u00e9rieur : explorer toutes les possibilit\u00e9s pour encourager et mettre en \u0153uvre la mobilit\u00e9 \u00e9tudiante, les doubles dipl\u00f4mes, les doctorats en cotutelle, etc.<\/li>\n<li>Innovation : explorer les possibilit\u00e9s de transfert de technologie et d&rsquo;innovation ainsi que la collaboration avec le secteur priv\u00e9 de chaque pays.<\/li>\n<\/ul>\n<p>En plus des chercheurs, la participation d&rsquo;\u00e9tudiants, d&rsquo;entreprises, de bureaux de transfert de technologie, de conseils d&rsquo;innovation, de fonctionnaires des institutions et des autorit\u00e9s locales est encourag\u00e9e. La participation de futurs financeurs potentiels de ces collaborations est \u00e9galement fortement recommand\u00e9e lors de l&rsquo;atelier : autorit\u00e9 locale, association, entreprises, PI de subventions nationales ou internationales.<\/p>\n<p>Les institutions de tous les pays impliqu\u00e9s dans la coop\u00e9ration doivent \u00e9galement soutenir l&rsquo;organisation de l&rsquo;atelier en le cofinan\u00e7ant conjointement au moins au m\u00eame niveau que la contribution au programme. Il est en effet demand\u00e9 de trouver d&rsquo;autres sources de financement pour permettre \u00e0 davantage d&rsquo;\u00e9tudiants et de chercheurs de participer \u00e0 l&rsquo;atelier.<\/p>\n<p>Une subvention d&rsquo;un montant maximum de 6000 euros soutiendra chaque atelier. L&rsquo;institution h\u00f4te de l&rsquo;atelier g\u00e9rera le financement et l&rsquo;administration.<\/p>\n<p>Le comit\u00e9 de s\u00e9lection est compos\u00e9 de repr\u00e9sentants des institutions partenaires.<\/p>\n<p>Un rapport de 2 pages (comprenant l&rsquo;ordre du jour final\/les conclusions sur les collaborations scientifiques et les r\u00e9sultats, les participants et le budget final) sera demand\u00e9 dans les 2 semaines suivant la fin de l&rsquo;atelier.<\/p>\n<p><strong><a href=\"http:\/\/www.france.fi\/wp-content\/uploads\/2022\/06\/Application_form_ERI-Workshop-Maupertuis_2023.docx\">T\u00e9l\u00e9chargez le formulaire de candidature pour l&rsquo;atelier ERI ici<\/a><\/strong><\/p>\n<p>Tous les chercheurs et projets s\u00e9lectionn\u00e9s devront cr\u00e9diter le soutien apport\u00e9 par l&rsquo;Institut fran\u00e7ais de Finlande, l&rsquo;Ambassade de France en Finlande, le Minist\u00e8re fran\u00e7ais de l&rsquo;Enseignement sup\u00e9rieur et de la Recherche, et la Soci\u00e9t\u00e9 finlandaise des Sciences et des Lettres en utilisant leurs logos dans tout support de communication (d\u00e9pliant, site internet, emails d&rsquo;invitation \u00e0 la conf\u00e9rence&#8230;).<\/p>\n<p>Pour plus d&rsquo;informations, veuillez contacter <a href=\"mailto:uniscience.iff@france.fi\"><strong>uniscience.iff@france.fi<\/strong><\/a><\/p>\n","protected":false},"excerpt":{"rendered":"<p>Date limite de candidature : 30 septembre 2022<\/p>\n","protected":false},"author":2,"featured_media":9764,"comment_status":"closed","ping_status":"closed","sticky":false,"template":"","format":"standard","meta":{"footnotes":""},"categories":[1,4],"tags":[],"class_list":["post-9773","post","type-post","status-publish","format-standard","has-post-thumbnail","hentry","category-culture","category-sciences-et-universites"],"yoast_head":"<!-- This site is optimized with the Yoast SEO plugin v27.4 - https:\/\/yoast.com\/product\/yoast-seo-wordpress\/ -->\n<title>PROGRAMME MAUPERTUIS : Appel \u00e0 propositions 2023 ouvert - Institut fran\u00e7ais<\/title>\n<meta name=\"robots\" content=\"index, follow, max-snippet:-1, max-image-preview:large, max-video-preview:-1\" \/>\n<link rel=\"canonical\" href=\"https:\/\/www.france.fi\/fr\/culture\/programme-maupertuis-appel-a-propositions-2023-ouvert\/\" \/>\n<meta property=\"og:locale\" content=\"fr_FR\" \/>\n<meta property=\"og:type\" content=\"article\" \/>\n<meta property=\"og:title\" content=\"PROGRAMME MAUPERTUIS : Appel \u00e0 propositions 2023 ouvert - Institut fran\u00e7ais\" \/>\n<meta property=\"og:description\" content=\"Date limite de candidature : 30 septembre 2022\" \/>\n<meta property=\"og:url\" content=\"https:\/\/www.france.fi\/fr\/culture\/programme-maupertuis-appel-a-propositions-2023-ouvert\/\" \/>\n<meta property=\"og:site_name\" content=\"Institut fran\u00e7ais\" \/>\n<meta property=\"article:publisher\" content=\"https:\/\/www.facebook.com\/institutfrancaisfi\" \/>\n<meta property=\"article:published_time\" content=\"2022-06-03T12:11:57+00:00\" \/>\n<meta property=\"article:modified_time\" content=\"2022-10-10T13:07:13+00:00\" \/>\n<meta property=\"og:image\" content=\"https:\/\/www.france.fi\/wp-content\/uploads\/2022\/06\/Maupertuis-bleu-clair-1098x617.jpg\" \/>\n\t<meta property=\"og:image:width\" content=\"1920\" \/>\n\t<meta property=\"og:image:height\" content=\"1080\" \/>\n\t<meta property=\"og:image:type\" content=\"image\/jpeg\" \/>\n<meta name=\"author\" content=\"Equipe IFF\" \/>\n<meta name=\"twitter:card\" content=\"summary_large_image\" \/>\n<meta name=\"twitter:creator\" content=\"@IFFinlande\" \/>\n<meta name=\"twitter:site\" content=\"@IFFinlande\" \/>\n<meta name=\"twitter:label1\" content=\"\u00c9crit par\" \/>\n\t<meta name=\"twitter:data1\" content=\"Equipe IFF\" \/>\n\t<meta name=\"twitter:label2\" content=\"Dur\u00e9e de lecture estim\u00e9e\" \/>\n\t<meta name=\"twitter:data2\" content=\"5 minutes\" \/>\n<script type=\"application\/ld+json\" class=\"yoast-schema-graph\">{\"@context\":\"https:\\\/\\\/schema.org\",\"@graph\":[{\"@type\":\"Article\",\"@id\":\"https:\\\/\\\/www.france.fi\\\/fr\\\/culture\\\/programme-maupertuis-appel-a-propositions-2023-ouvert\\\/#article\",\"isPartOf\":{\"@id\":\"https:\\\/\\\/www.france.fi\\\/fr\\\/culture\\\/programme-maupertuis-appel-a-propositions-2023-ouvert\\\/\"},\"author\":{\"name\":\"Equipe IFF\",\"@id\":\"https:\\\/\\\/www.france.fi\\\/#\\\/schema\\\/person\\\/ed873f29db1d0af6a3600d15d3b65bfd\"},\"headline\":\"PROGRAMME MAUPERTUIS : Appel \u00e0 propositions 2023 ouvert\",\"datePublished\":\"2022-06-03T12:11:57+00:00\",\"dateModified\":\"2022-10-10T13:07:13+00:00\",\"mainEntityOfPage\":{\"@id\":\"https:\\\/\\\/www.france.fi\\\/fr\\\/culture\\\/programme-maupertuis-appel-a-propositions-2023-ouvert\\\/\"},\"wordCount\":974,\"publisher\":{\"@id\":\"https:\\\/\\\/www.france.fi\\\/#organization\"},\"image\":{\"@id\":\"https:\\\/\\\/www.france.fi\\\/fr\\\/culture\\\/programme-maupertuis-appel-a-propositions-2023-ouvert\\\/#primaryimage\"},\"thumbnailUrl\":\"https:\\\/\\\/www.france.fi\\\/wp-content\\\/uploads\\\/2022\\\/06\\\/Maupertuis-bleu-clair-1280x720.jpg\",\"articleSection\":[\"Culture\",\"Sciences et universit\u00e9s\"],\"inLanguage\":\"fr-FR\"},{\"@type\":\"WebPage\",\"@id\":\"https:\\\/\\\/www.france.fi\\\/fr\\\/culture\\\/programme-maupertuis-appel-a-propositions-2023-ouvert\\\/\",\"url\":\"https:\\\/\\\/www.france.fi\\\/fr\\\/culture\\\/programme-maupertuis-appel-a-propositions-2023-ouvert\\\/\",\"name\":\"PROGRAMME MAUPERTUIS : Appel \u00e0 propositions 2023 ouvert - Institut fran\u00e7ais\",\"isPartOf\":{\"@id\":\"https:\\\/\\\/www.france.fi\\\/#website\"},\"primaryImageOfPage\":{\"@id\":\"https:\\\/\\\/www.france.fi\\\/fr\\\/culture\\\/programme-maupertuis-appel-a-propositions-2023-ouvert\\\/#primaryimage\"},\"image\":{\"@id\":\"https:\\\/\\\/www.france.fi\\\/fr\\\/culture\\\/programme-maupertuis-appel-a-propositions-2023-ouvert\\\/#primaryimage\"},\"thumbnailUrl\":\"https:\\\/\\\/www.france.fi\\\/wp-content\\\/uploads\\\/2022\\\/06\\\/Maupertuis-bleu-clair-1280x720.jpg\",\"datePublished\":\"2022-06-03T12:11:57+00:00\",\"dateModified\":\"2022-10-10T13:07:13+00:00\",\"breadcrumb\":{\"@id\":\"https:\\\/\\\/www.france.fi\\\/fr\\\/culture\\\/programme-maupertuis-appel-a-propositions-2023-ouvert\\\/#breadcrumb\"},\"inLanguage\":\"fr-FR\",\"potentialAction\":[{\"@type\":\"ReadAction\",\"target\":[\"https:\\\/\\\/www.france.fi\\\/fr\\\/culture\\\/programme-maupertuis-appel-a-propositions-2023-ouvert\\\/\"]}]},{\"@type\":\"ImageObject\",\"inLanguage\":\"fr-FR\",\"@id\":\"https:\\\/\\\/www.france.fi\\\/fr\\\/culture\\\/programme-maupertuis-appel-a-propositions-2023-ouvert\\\/#primaryimage\",\"url\":\"https:\\\/\\\/www.france.fi\\\/wp-content\\\/uploads\\\/2022\\\/06\\\/Maupertuis-bleu-clair-1280x720.jpg\",\"contentUrl\":\"https:\\\/\\\/www.france.fi\\\/wp-content\\\/uploads\\\/2022\\\/06\\\/Maupertuis-bleu-clair-1280x720.jpg\",\"width\":1920,\"height\":1080},{\"@type\":\"BreadcrumbList\",\"@id\":\"https:\\\/\\\/www.france.fi\\\/fr\\\/culture\\\/programme-maupertuis-appel-a-propositions-2023-ouvert\\\/#breadcrumb\",\"itemListElement\":[{\"@type\":\"ListItem\",\"position\":1,\"name\":\"Home\",\"item\":\"https:\\\/\\\/www.france.fi\\\/fr\\\/\"},{\"@type\":\"ListItem\",\"position\":2,\"name\":\"Science and universities\",\"item\":\"https:\\\/\\\/www.france.fi\\\/en\\\/category\\\/science-and-universities\\\/\"},{\"@type\":\"ListItem\",\"position\":3,\"name\":\"PROGRAMME MAUPERTUIS : Appel \u00e0 propositions 2023 ouvert\"}]},{\"@type\":\"WebSite\",\"@id\":\"https:\\\/\\\/www.france.fi\\\/#website\",\"url\":\"https:\\\/\\\/www.france.fi\\\/\",\"name\":\"Institut fran\u00e7ais de Finlande\",\"description\":\"\",\"publisher\":{\"@id\":\"https:\\\/\\\/www.france.fi\\\/#organization\"},\"potentialAction\":[{\"@type\":\"SearchAction\",\"target\":{\"@type\":\"EntryPoint\",\"urlTemplate\":\"https:\\\/\\\/www.france.fi\\\/?s={search_term_string}\"},\"query-input\":{\"@type\":\"PropertyValueSpecification\",\"valueRequired\":true,\"valueName\":\"search_term_string\"}}],\"inLanguage\":\"fr-FR\"},{\"@type\":\"Organization\",\"@id\":\"https:\\\/\\\/www.france.fi\\\/#organization\",\"name\":\"Institut fran\u00e7ais de Finlande\",\"url\":\"https:\\\/\\\/www.france.fi\\\/\",\"logo\":{\"@type\":\"ImageObject\",\"inLanguage\":\"fr-FR\",\"@id\":\"https:\\\/\\\/www.france.fi\\\/#\\\/schema\\\/logo\\\/image\\\/\",\"url\":\"https:\\\/\\\/www.france.fi\\\/wp-content\\\/uploads\\\/2024\\\/02\\\/if-logo-1.png\",\"contentUrl\":\"https:\\\/\\\/www.france.fi\\\/wp-content\\\/uploads\\\/2024\\\/02\\\/if-logo-1.png\",\"width\":687,\"height\":459,\"caption\":\"Institut fran\u00e7ais de Finlande\"},\"image\":{\"@id\":\"https:\\\/\\\/www.france.fi\\\/#\\\/schema\\\/logo\\\/image\\\/\"},\"sameAs\":[\"https:\\\/\\\/www.facebook.com\\\/institutfrancaisfi\",\"https:\\\/\\\/x.com\\\/IFFinlande\",\"https:\\\/\\\/www.instagram.com\\\/iffinlande\\\/\",\"https:\\\/\\\/fr.linkedin.com\\\/organization-guest\\\/company\\\/institut-fran-ais-de-finlande\",\"https:\\\/\\\/www.youtube.com\\\/channel\\\/UCHAitdpmSbeP78eL49XMotA\"]},{\"@type\":\"Person\",\"@id\":\"https:\\\/\\\/www.france.fi\\\/#\\\/schema\\\/person\\\/ed873f29db1d0af6a3600d15d3b65bfd\",\"name\":\"Equipe IFF\",\"image\":{\"@type\":\"ImageObject\",\"inLanguage\":\"fr-FR\",\"@id\":\"https:\\\/\\\/secure.gravatar.com\\\/avatar\\\/3c4ba80228d01014b25e45e90abb28ce315a02c6572751a7fb2298e4274989fc?s=96&d=mm&r=g\",\"url\":\"https:\\\/\\\/secure.gravatar.com\\\/avatar\\\/3c4ba80228d01014b25e45e90abb28ce315a02c6572751a7fb2298e4274989fc?s=96&d=mm&r=g\",\"contentUrl\":\"https:\\\/\\\/secure.gravatar.com\\\/avatar\\\/3c4ba80228d01014b25e45e90abb28ce315a02c6572751a7fb2298e4274989fc?s=96&d=mm&r=g\",\"caption\":\"Equipe IFF\"},\"url\":\"https:\\\/\\\/www.france.fi\\\/fr\\\/author\\\/iffadmin\\\/\"}]}<\/script>\n<!-- \/ Yoast SEO plugin. -->","yoast_head_json":{"title":"PROGRAMME MAUPERTUIS : Appel \u00e0 propositions 2023 ouvert - Institut fran\u00e7ais","robots":{"index":"index","follow":"follow","max-snippet":"max-snippet:-1","max-image-preview":"max-image-preview:large","max-video-preview":"max-video-preview:-1"},"canonical":"https:\/\/www.france.fi\/fr\/culture\/programme-maupertuis-appel-a-propositions-2023-ouvert\/","og_locale":"fr_FR","og_type":"article","og_title":"PROGRAMME MAUPERTUIS : Appel \u00e0 propositions 2023 ouvert - Institut fran\u00e7ais","og_description":"Date limite de candidature : 30 septembre 2022","og_url":"https:\/\/www.france.fi\/fr\/culture\/programme-maupertuis-appel-a-propositions-2023-ouvert\/","og_site_name":"Institut fran\u00e7ais","article_publisher":"https:\/\/www.facebook.com\/institutfrancaisfi","article_published_time":"2022-06-03T12:11:57+00:00","article_modified_time":"2022-10-10T13:07:13+00:00","og_image":[{"width":1920,"height":1080,"url":"https:\/\/www.france.fi\/wp-content\/uploads\/2022\/06\/Maupertuis-bleu-clair-1098x617.jpg","type":"image\/jpeg"}],"author":"Equipe IFF","twitter_card":"summary_large_image","twitter_creator":"@IFFinlande","twitter_site":"@IFFinlande","twitter_misc":{"\u00c9crit par":"Equipe IFF","Dur\u00e9e de lecture estim\u00e9e":"5 minutes"},"schema":{"@context":"https:\/\/schema.org","@graph":[{"@type":"Article","@id":"https:\/\/www.france.fi\/fr\/culture\/programme-maupertuis-appel-a-propositions-2023-ouvert\/#article","isPartOf":{"@id":"https:\/\/www.france.fi\/fr\/culture\/programme-maupertuis-appel-a-propositions-2023-ouvert\/"},"author":{"name":"Equipe IFF","@id":"https:\/\/www.france.fi\/#\/schema\/person\/ed873f29db1d0af6a3600d15d3b65bfd"},"headline":"PROGRAMME MAUPERTUIS : Appel \u00e0 propositions 2023 ouvert","datePublished":"2022-06-03T12:11:57+00:00","dateModified":"2022-10-10T13:07:13+00:00","mainEntityOfPage":{"@id":"https:\/\/www.france.fi\/fr\/culture\/programme-maupertuis-appel-a-propositions-2023-ouvert\/"},"wordCount":974,"publisher":{"@id":"https:\/\/www.france.fi\/#organization"},"image":{"@id":"https:\/\/www.france.fi\/fr\/culture\/programme-maupertuis-appel-a-propositions-2023-ouvert\/#primaryimage"},"thumbnailUrl":"https:\/\/www.france.fi\/wp-content\/uploads\/2022\/06\/Maupertuis-bleu-clair-1280x720.jpg","articleSection":["Culture","Sciences et universit\u00e9s"],"inLanguage":"fr-FR"},{"@type":"WebPage","@id":"https:\/\/www.france.fi\/fr\/culture\/programme-maupertuis-appel-a-propositions-2023-ouvert\/","url":"https:\/\/www.france.fi\/fr\/culture\/programme-maupertuis-appel-a-propositions-2023-ouvert\/","name":"PROGRAMME MAUPERTUIS : Appel \u00e0 propositions 2023 ouvert - Institut fran\u00e7ais","isPartOf":{"@id":"https:\/\/www.france.fi\/#website"},"primaryImageOfPage":{"@id":"https:\/\/www.france.fi\/fr\/culture\/programme-maupertuis-appel-a-propositions-2023-ouvert\/#primaryimage"},"image":{"@id":"https:\/\/www.france.fi\/fr\/culture\/programme-maupertuis-appel-a-propositions-2023-ouvert\/#primaryimage"},"thumbnailUrl":"https:\/\/www.france.fi\/wp-content\/uploads\/2022\/06\/Maupertuis-bleu-clair-1280x720.jpg","datePublished":"2022-06-03T12:11:57+00:00","dateModified":"2022-10-10T13:07:13+00:00","breadcrumb":{"@id":"https:\/\/www.france.fi\/fr\/culture\/programme-maupertuis-appel-a-propositions-2023-ouvert\/#breadcrumb"},"inLanguage":"fr-FR","potentialAction":[{"@type":"ReadAction","target":["https:\/\/www.france.fi\/fr\/culture\/programme-maupertuis-appel-a-propositions-2023-ouvert\/"]}]},{"@type":"ImageObject","inLanguage":"fr-FR","@id":"https:\/\/www.france.fi\/fr\/culture\/programme-maupertuis-appel-a-propositions-2023-ouvert\/#primaryimage","url":"https:\/\/www.france.fi\/wp-content\/uploads\/2022\/06\/Maupertuis-bleu-clair-1280x720.jpg","contentUrl":"https:\/\/www.france.fi\/wp-content\/uploads\/2022\/06\/Maupertuis-bleu-clair-1280x720.jpg","width":1920,"height":1080},{"@type":"BreadcrumbList","@id":"https:\/\/www.france.fi\/fr\/culture\/programme-maupertuis-appel-a-propositions-2023-ouvert\/#breadcrumb","itemListElement":[{"@type":"ListItem","position":1,"name":"Home","item":"https:\/\/www.france.fi\/fr\/"},{"@type":"ListItem","position":2,"name":"Science and universities","item":"https:\/\/www.france.fi\/en\/category\/science-and-universities\/"},{"@type":"ListItem","position":3,"name":"PROGRAMME MAUPERTUIS : Appel \u00e0 propositions 2023 ouvert"}]},{"@type":"WebSite","@id":"https:\/\/www.france.fi\/#website","url":"https:\/\/www.france.fi\/","name":"Institut fran\u00e7ais de Finlande","description":"","publisher":{"@id":"https:\/\/www.france.fi\/#organization"},"potentialAction":[{"@type":"SearchAction","target":{"@type":"EntryPoint","urlTemplate":"https:\/\/www.france.fi\/?s={search_term_string}"},"query-input":{"@type":"PropertyValueSpecification","valueRequired":true,"valueName":"search_term_string"}}],"inLanguage":"fr-FR"},{"@type":"Organization","@id":"https:\/\/www.france.fi\/#organization","name":"Institut fran\u00e7ais de Finlande","url":"https:\/\/www.france.fi\/","logo":{"@type":"ImageObject","inLanguage":"fr-FR","@id":"https:\/\/www.france.fi\/#\/schema\/logo\/image\/","url":"https:\/\/www.france.fi\/wp-content\/uploads\/2024\/02\/if-logo-1.png","contentUrl":"https:\/\/www.france.fi\/wp-content\/uploads\/2024\/02\/if-logo-1.png","width":687,"height":459,"caption":"Institut fran\u00e7ais de Finlande"},"image":{"@id":"https:\/\/www.france.fi\/#\/schema\/logo\/image\/"},"sameAs":["https:\/\/www.facebook.com\/institutfrancaisfi","https:\/\/x.com\/IFFinlande","https:\/\/www.instagram.com\/iffinlande\/","https:\/\/fr.linkedin.com\/organization-guest\/company\/institut-fran-ais-de-finlande","https:\/\/www.youtube.com\/channel\/UCHAitdpmSbeP78eL49XMotA"]},{"@type":"Person","@id":"https:\/\/www.france.fi\/#\/schema\/person\/ed873f29db1d0af6a3600d15d3b65bfd","name":"Equipe IFF","image":{"@type":"ImageObject","inLanguage":"fr-FR","@id":"https:\/\/secure.gravatar.com\/avatar\/3c4ba80228d01014b25e45e90abb28ce315a02c6572751a7fb2298e4274989fc?s=96&d=mm&r=g","url":"https:\/\/secure.gravatar.com\/avatar\/3c4ba80228d01014b25e45e90abb28ce315a02c6572751a7fb2298e4274989fc?s=96&d=mm&r=g","contentUrl":"https:\/\/secure.gravatar.com\/avatar\/3c4ba80228d01014b25e45e90abb28ce315a02c6572751a7fb2298e4274989fc?s=96&d=mm&r=g","caption":"Equipe IFF"},"url":"https:\/\/www.france.fi\/fr\/author\/iffadmin\/"}]}},"_links":{"self":[{"href":"https:\/\/www.france.fi\/fr\/wp-json\/wp\/v2\/posts\/9773","targetHints":{"allow":["GET"]}}],"collection":[{"href":"https:\/\/www.france.fi\/fr\/wp-json\/wp\/v2\/posts"}],"about":[{"href":"https:\/\/www.france.fi\/fr\/wp-json\/wp\/v2\/types\/post"}],"author":[{"embeddable":true,"href":"https:\/\/www.france.fi\/fr\/wp-json\/wp\/v2\/users\/2"}],"replies":[{"embeddable":true,"href":"https:\/\/www.france.fi\/fr\/wp-json\/wp\/v2\/comments?post=9773"}],"version-history":[{"count":0,"href":"https:\/\/www.france.fi\/fr\/wp-json\/wp\/v2\/posts\/9773\/revisions"}],"wp:featuredmedia":[{"embeddable":true,"href":"https:\/\/www.france.fi\/fr\/wp-json\/wp\/v2\/media\/9764"}],"wp:attachment":[{"href":"https:\/\/www.france.fi\/fr\/wp-json\/wp\/v2\/media?parent=9773"}],"wp:term":[{"taxonomy":"category","embeddable":true,"href":"https:\/\/www.france.fi\/fr\/wp-json\/wp\/v2\/categories?post=9773"},{"taxonomy":"post_tag","embeddable":true,"href":"https:\/\/www.france.fi\/fr\/wp-json\/wp\/v2\/tags?post=9773"}],"curies":[{"name":"wp","href":"https:\/\/api.w.org\/{rel}","templated":true}]}}